{"id":9872,"date":"2026-09-04T16:04:39","date_gmt":"2026-09-04T19:04:39","guid":{"rendered":"https:\/\/patrulheiroevangelista.com.br\/?p=9872"},"modified":"2026-09-04T16:04:40","modified_gmt":"2026-09-04T19:04:40","slug":"nova-odessa-realiza-mutiroes-de-emprego-para-a-jt-express-e-grupo-gps-nos-dias-8-e-11-de-setembro","status":"publish","type":"post","link":"https:\/\/patrulheiroevangelista.com.br\/?p=9872","title":{"rendered":"Nova Odessa realiza mutir\u00f5es de emprego para a J&amp;T Express e Grupo GPS nos dias 8 e 11 de setembro"},"content":{"rendered":"\n<p>O Posto Local de Trabalho (PLT) da Prefeitura de Nova Odessa anunciou a abertura de 12 vagas de emprego em diversas \u00e1reas de atua\u00e7\u00e3o para moradores do munic\u00edpio e regi\u00e3o. Al\u00e9m dos cargos da semana, o \u00f3rg\u00e3o promove dois mutir\u00f5es de sele\u00e7\u00e3o presencial nos dias 8 e 11 de setembro para o preenchimento de postos nas empresas J&amp;E Express e Grupo GPS.<\/p>\n\n\n\n<p>Para as vagas da semana, os interessados devem encaminhar o curr\u00edculo atualizado com o nome do cargo desejado para o e-mail <strong>ptrabalho@novaodessa.sp.gov.br<\/strong> ou enviar mensagem para o WhatsApp do posto no n\u00famero <strong>(19) 99607-4640<\/strong>.<\/p>\n\n\n\n<p><strong>Mutir\u00f5es presenciais<\/strong><\/p>\n\n\n\n<p>Os processos seletivos acontecem a partir das 9h, na sede do PLT (no mesmo pr\u00e9dio do Poupatempo), situado na Rua Duque de Caxias, 600, regi\u00e3o central da cidade. Os candidatos devem comparecer munidos de documentos pessoais e curr\u00edculo impresso:<\/p>\n\n\n\n<p><strong>Ter\u00e7a-feira (08\/09):<\/strong> Processo seletivo para o cargo de <em>Auxiliar de Opera\u00e7\u00f5es Log\u00edsticas<\/em> da empresa J&amp;T Express;<\/p>\n\n\n\n<p><strong>Sexta-feira (11\/09):<\/strong> Mutir\u00e3o do Grupo GPS para as fun\u00e7\u00f5es de <em>Ajudante de Servi\u00e7os Gerais<\/em>, <em>Motorista L\u00edder<\/em>, <em>Oficial de Obras<\/em>, <em>Operador de Ro\u00e7adeira<\/em> e <em>Soldador<\/em> (com oportunidades exclusivas tamb\u00e9m para Pessoas com Defici\u00eancia &#8211; PCD).<\/p>\n\n\n\n<p><strong>Vagas da semana<\/strong><\/p>\n\n\n\n<ul class=\"wp-block-list\">\n<li><strong>Ajudante Geral (5 vagas):<\/strong> Vaga masculina. N\u00e3o exige experi\u00eancia. Sal\u00e1rio a combinar e vale-alimenta\u00e7\u00e3o.<\/li>\n\n\n\n<li><strong>Auxiliar de PCP (1 vaga):<\/strong> Vaga afirmativa para mulheres. Exige Ensino M\u00e9dio completo, conhecimento em Excel, sistema GRP, processos de fabrica\u00e7\u00e3o e experi\u00eancia em PCP, produ\u00e7\u00e3o ou estoque. Benef\u00edcios: alimenta\u00e7\u00e3o no local, VR, VT\/combust\u00edvel e conv\u00eanio m\u00e9dico\/odontol\u00f3gico.<\/li>\n\n\n\n<li><strong>Bab\u00e1 (1 vaga):<\/strong> Exige experi\u00eancia comprovada e disponibilidade para jornada de 5 horas di\u00e1rias. Remunera\u00e7\u00e3o a combinar.<\/li>\n\n\n\n<li><strong>Conferente de Invent\u00e1rio (1 vaga):<\/strong> Ensino M\u00e9dio completo e disponibilidade de hor\u00e1rio (t\u00e9cnico em log\u00edstica \u00e9 desej\u00e1vel). Escala 5&#215;2. Para moradores de Nova Odessa ou Sumar\u00e9. Pacote completo de benef\u00edcios (VT, VR, cesta de Natal, assist\u00eancia m\u00e9dica\/odontol\u00f3gica, Gympass e adicional noturno).<\/li>\n\n\n\n<li><strong>Estagi\u00e1rio de Laborat\u00f3rio Industrial (1 vaga):<\/strong> Idade a partir de 17 anos. Estudantes de curso T\u00e9cnico ou Gradua\u00e7\u00e3o em Qu\u00edmica (ou \u00e1reas correlatas). Hor\u00e1rio: segunda a sexta-feira, das 7h30 \u00e0s 17h30.<\/li>\n\n\n\n<li><strong>Fresador (1 vaga):<\/strong> Exige experi\u00eancia. Hor\u00e1rio: segunda a quinta-feira (7h \u00e0s 17h) e sexta-feira (7h \u00e0s 16h).<\/li>\n\n\n\n<li><strong>Rebarbador \/ Esmerilhador (1 vaga):<\/strong> Com experi\u00eancia. Benef\u00edcios: VT, vale-alimenta\u00e7\u00e3o\/cesta b\u00e1sica, conv\u00eanio m\u00e9dico\/odontol\u00f3gico e plano de carreira.<\/li>\n\n\n\n<li><strong>Torneiro Mec\u00e2nico (1 vaga):<\/strong> Experi\u00eancia em torno convencional. Hor\u00e1rio de segunda a quinta (7h \u00e0s 17h) e sexta-feira (7h \u00e0s 16h).<\/li>\n<\/ul>\n\n\n\n<figure class=\"wp-block-image size-full\"><img loading=\"lazy\" decoding=\"async\" width=\"970\" height=\"250\" src=\"https:\/\/patrulheiroevangelista.com.br\/wp-content\/uploads\/2025\/06\/tatu.png\" alt=\"\" class=\"wp-image-8497\" srcset=\"https:\/\/patrulheiroevangelista.com.br\/wp-content\/uploads\/2025\/06\/tatu.png 970w, https:\/\/patrulheiroevangelista.com.br\/wp-content\/uploads\/2025\/06\/tatu-300x77.png 300w, https:\/\/patrulheiroevangelista.com.br\/wp-content\/uploads\/2025\/06\/tatu-768x198.png 768w\" sizes=\"auto, (max-width: 970px) 100vw, 970px\" \/><\/figure>\n","protected":false},"excerpt":{"rendered":"<p>O Posto Local de Trabalho (PLT) da Prefeitura de Nova Odessa anunciou a abertura de 12 vagas de emprego em diversas \u00e1reas de atua\u00e7\u00e3o para moradores do munic\u00edpio e regi\u00e3o. Al\u00e9m dos cargos da semana, o \u00f3rg\u00e3o promove dois mutir\u00f5es de sele\u00e7\u00e3o presencial nos dias 8 e 11 de setembro para o preenchimento de postos [&hellip;]<\/p>\n","protected":false},"author":1,"featured_media":9874,"comment_status":"closed","ping_status":"open","sticky":false,"template":"","format":"standard","meta":{"footnotes":""},"categories":[28],"tags":[221],"class_list":["post-9872","post","type-post","status-publish","format-standard","has-post-thumbnail","hentry","category-oportunidade","tag-emprego"],"yoast_head":"<!-- This site is optimized with the Yoast SEO plugin v26.8 - https:\/\/yoast.com\/product\/yoast-seo-wordpress\/ -->\n<title>Nova Odessa realiza mutir\u00f5es de emprego para a J&amp;T Express e Grupo GPS nos dias 8 e 11 de setembro - Patrulheiro Evangelista<\/title>\n<meta name=\"robots\" content=\"index, follow, max-snippet:-1, max-image-preview:large, max-video-preview:-1\" \/>\n<link rel=\"canonical\" href=\"https:\/\/patrulheiroevangelista.com.br\/?p=9872\" \/>\n<meta property=\"og:locale\" content=\"pt_BR\" \/>\n<meta property=\"og:type\" content=\"article\" \/>\n<meta property=\"og:title\" content=\"Nova Odessa realiza mutir\u00f5es de emprego para a J&amp;T Express e Grupo GPS nos dias 8 e 11 de setembro - Patrulheiro Evangelista\" \/>\n<meta property=\"og:description\" content=\"O Posto Local de Trabalho (PLT) da Prefeitura de Nova Odessa anunciou a abertura de 12 vagas de emprego em diversas \u00e1reas de atua\u00e7\u00e3o para moradores do munic\u00edpio e regi\u00e3o. Al\u00e9m dos cargos da semana, o \u00f3rg\u00e3o promove dois mutir\u00f5es de sele\u00e7\u00e3o presencial nos dias 8 e 11 de setembro para o preenchimento de postos [&hellip;]\" \/>\n<meta property=\"og:url\" content=\"https:\/\/patrulheiroevangelista.com.br\/?p=9872\" \/>\n<meta property=\"og:site_name\" content=\"Patrulheiro Evangelista\" \/>\n<meta property=\"article:publisher\" content=\"https:\/\/www.facebook.com\/patrulheiroevangelista\" \/>\n<meta property=\"article:published_time\" content=\"2026-09-04T19:04:39+00:00\" \/>\n<meta property=\"article:modified_time\" content=\"2026-09-04T19:04:40+00:00\" \/>\n<meta property=\"og:image\" content=\"https:\/\/patrulheiroevangelista.com.br\/wp-content\/uploads\/2026\/09\/WhatsApp-Image-2026-09-04-at-16.00.28.jpeg\" \/>\n\t<meta property=\"og:image:width\" content=\"1536\" \/>\n\t<meta property=\"og:image:height\" content=\"1024\" \/>\n\t<meta property=\"og:image:type\" content=\"image\/jpeg\" \/>\n<meta name=\"author\" content=\"Joshua Evangelista\" \/>\n<meta name=\"twitter:card\" content=\"summary_large_image\" \/>\n<meta name=\"twitter:label1\" content=\"Escrito por\" \/>\n\t<meta name=\"twitter:data1\" content=\"Joshua Evangelista\" \/>\n\t<meta name=\"twitter:label2\" content=\"Est. tempo de leitura\" \/>\n\t<meta name=\"twitter:data2\" content=\"3 minutos\" \/>\n<script type=\"application\/ld+json\" class=\"yoast-schema-graph\">{\"@context\":\"https:\/\/schema.org\",\"@graph\":[{\"@type\":\"Article\",\"@id\":\"https:\/\/patrulheiroevangelista.com.br\/?p=9872#article\",\"isPartOf\":{\"@id\":\"https:\/\/patrulheiroevangelista.com.br\/?p=9872\"},\"author\":{\"name\":\"Joshua Evangelista\",\"@id\":\"https:\/\/patrulheiroevangelista.com.br\/#\/schema\/person\/bcae3dc00fc31286371eb8edc18dfdf4\"},\"headline\":\"Nova Odessa realiza mutir\u00f5es de emprego para a J&amp;T Express e Grupo GPS nos dias 8 e 11 de setembro\",\"datePublished\":\"2026-09-04T19:04:39+00:00\",\"dateModified\":\"2026-09-04T19:04:40+00:00\",\"mainEntityOfPage\":{\"@id\":\"https:\/\/patrulheiroevangelista.com.br\/?p=9872\"},\"wordCount\":468,\"publisher\":{\"@id\":\"https:\/\/patrulheiroevangelista.com.br\/#organization\"},\"image\":{\"@id\":\"https:\/\/patrulheiroevangelista.com.br\/?p=9872#primaryimage\"},\"thumbnailUrl\":\"https:\/\/patrulheiroevangelista.com.br\/wp-content\/uploads\/2026\/09\/WhatsApp-Image-2026-09-04-at-16.00.28.jpeg\",\"keywords\":[\"Emprego\"],\"articleSection\":[\"Oportunidade\"],\"inLanguage\":\"pt-BR\"},{\"@type\":\"WebPage\",\"@id\":\"https:\/\/patrulheiroevangelista.com.br\/?p=9872\",\"url\":\"https:\/\/patrulheiroevangelista.com.br\/?p=9872\",\"name\":\"Nova Odessa realiza mutir\u00f5es de emprego para a J&amp;T Express e Grupo GPS nos dias 8 e 11 de setembro - Patrulheiro Evangelista\",\"isPartOf\":{\"@id\":\"https:\/\/patrulheiroevangelista.com.br\/#website\"},\"primaryImageOfPage\":{\"@id\":\"https:\/\/patrulheiroevangelista.com.br\/?p=9872#primaryimage\"},\"image\":{\"@id\":\"https:\/\/patrulheiroevangelista.com.br\/?p=9872#primaryimage\"},\"thumbnailUrl\":\"https:\/\/patrulheiroevangelista.com.br\/wp-content\/uploads\/2026\/09\/WhatsApp-Image-2026-09-04-at-16.00.28.jpeg\",\"datePublished\":\"2026-09-04T19:04:39+00:00\",\"dateModified\":\"2026-09-04T19:04:40+00:00\",\"breadcrumb\":{\"@id\":\"https:\/\/patrulheiroevangelista.com.br\/?p=9872#breadcrumb\"},\"inLanguage\":\"pt-BR\",\"potentialAction\":[{\"@type\":\"ReadAction\",\"target\":[\"https:\/\/patrulheiroevangelista.com.br\/?p=9872\"]}]},{\"@type\":\"ImageObject\",\"inLanguage\":\"pt-BR\",\"@id\":\"https:\/\/patrulheiroevangelista.com.br\/?p=9872#primaryimage\",\"url\":\"https:\/\/patrulheiroevangelista.com.br\/wp-content\/uploads\/2026\/09\/WhatsApp-Image-2026-09-04-at-16.00.28.jpeg\",\"contentUrl\":\"https:\/\/patrulheiroevangelista.com.br\/wp-content\/uploads\/2026\/09\/WhatsApp-Image-2026-09-04-at-16.00.28.jpeg\",\"width\":1536,\"height\":1024},{\"@type\":\"BreadcrumbList\",\"@id\":\"https:\/\/patrulheiroevangelista.com.br\/?p=9872#breadcrumb\",\"itemListElement\":[{\"@type\":\"ListItem\",\"position\":1,\"name\":\"In\u00edcio\",\"item\":\"https:\/\/patrulheiroevangelista.com.br\/\"},{\"@type\":\"ListItem\",\"position\":2,\"name\":\"Nova Odessa realiza mutir\u00f5es de emprego para a J&amp;T Express e Grupo GPS nos dias 8 e 11 de setembro\"}]},{\"@type\":\"WebSite\",\"@id\":\"https:\/\/patrulheiroevangelista.com.br\/#website\",\"url\":\"https:\/\/patrulheiroevangelista.com.br\/\",\"name\":\"Patrulheiro Evangelista\",\"description\":\"\",\"publisher\":{\"@id\":\"https:\/\/patrulheiroevangelista.com.br\/#organization\"},\"potentialAction\":[{\"@type\":\"SearchAction\",\"target\":{\"@type\":\"EntryPoint\",\"urlTemplate\":\"https:\/\/patrulheiroevangelista.com.br\/?s={search_term_string}\"},\"query-input\":{\"@type\":\"PropertyValueSpecification\",\"valueRequired\":true,\"valueName\":\"search_term_string\"}}],\"inLanguage\":\"pt-BR\"},{\"@type\":\"Organization\",\"@id\":\"https:\/\/patrulheiroevangelista.com.br\/#organization\",\"name\":\"Patrulheiro Evangelista\",\"url\":\"https:\/\/patrulheiroevangelista.com.br\/\",\"logo\":{\"@type\":\"ImageObject\",\"inLanguage\":\"pt-BR\",\"@id\":\"https:\/\/patrulheiroevangelista.com.br\/#\/schema\/logo\/image\/\",\"url\":\"https:\/\/patrulheiroevangelista.com.br\/wp-content\/uploads\/2022\/09\/cropped-cropped-1-300x169-1-1.png\",\"contentUrl\":\"https:\/\/patrulheiroevangelista.com.br\/wp-content\/uploads\/2022\/09\/cropped-cropped-1-300x169-1-1.png\",\"width\":183,\"height\":103,\"caption\":\"Patrulheiro Evangelista\"},\"image\":{\"@id\":\"https:\/\/patrulheiroevangelista.com.br\/#\/schema\/logo\/image\/\"},\"sameAs\":[\"https:\/\/www.facebook.com\/patrulheiroevangelista\",\"https:\/\/www.instagram.com\/patrulheiro.evangelista\/\"]},{\"@type\":\"Person\",\"@id\":\"https:\/\/patrulheiroevangelista.com.br\/#\/schema\/person\/bcae3dc00fc31286371eb8edc18dfdf4\",\"name\":\"Joshua Evangelista\",\"image\":{\"@type\":\"ImageObject\",\"inLanguage\":\"pt-BR\",\"@id\":\"https:\/\/patrulheiroevangelista.com.br\/#\/schema\/person\/image\/\",\"url\":\"https:\/\/secure.gravatar.com\/avatar\/d27d2f402c0fd218173b28d470bdb67b?s=96&r=g\",\"contentUrl\":\"https:\/\/secure.gravatar.com\/avatar\/d27d2f402c0fd218173b28d470bdb67b?s=96&r=g\",\"caption\":\"Joshua Evangelista\"},\"description\":\"Comunic\u00f3logo, jornalista e cofundador do site desde outubro de 2019.\",\"sameAs\":[\"https:\/\/patrulheiro-evangelista-wordpress-904373-145-223-29-15.traefik.me\"],\"url\":\"https:\/\/patrulheiroevangelista.com.br\/?author=1\"}]}<\/script>\n<!-- \/ Yoast SEO plugin. -->","yoast_head_json":{"title":"Nova Odessa realiza mutir\u00f5es de emprego para a J&amp;T Express e Grupo GPS nos dias 8 e 11 de setembro - Patrulheiro Evangelista","robots":{"index":"index","follow":"follow","max-snippet":"max-snippet:-1","max-image-preview":"max-image-preview:large","max-video-preview":"max-video-preview:-1"},"canonical":"https:\/\/patrulheiroevangelista.com.br\/?p=9872","og_locale":"pt_BR","og_type":"article","og_title":"Nova Odessa realiza mutir\u00f5es de emprego para a J&amp;T Express e Grupo GPS nos dias 8 e 11 de setembro - Patrulheiro Evangelista","og_description":"O Posto Local de Trabalho (PLT) da Prefeitura de Nova Odessa anunciou a abertura de 12 vagas de emprego em diversas \u00e1reas de atua\u00e7\u00e3o para moradores do munic\u00edpio e regi\u00e3o. Al\u00e9m dos cargos da semana, o \u00f3rg\u00e3o promove dois mutir\u00f5es de sele\u00e7\u00e3o presencial nos dias 8 e 11 de setembro para o preenchimento de postos [&hellip;]","og_url":"https:\/\/patrulheiroevangelista.com.br\/?p=9872","og_site_name":"Patrulheiro Evangelista","article_publisher":"https:\/\/www.facebook.com\/patrulheiroevangelista","article_published_time":"2026-09-04T19:04:39+00:00","article_modified_time":"2026-09-04T19:04:40+00:00","og_image":[{"width":1536,"height":1024,"url":"https:\/\/patrulheiroevangelista.com.br\/wp-content\/uploads\/2026\/09\/WhatsApp-Image-2026-09-04-at-16.00.28.jpeg","type":"image\/jpeg"}],"author":"Joshua Evangelista","twitter_card":"summary_large_image","twitter_misc":{"Escrito por":"Joshua Evangelista","Est. tempo de leitura":"3 minutos"},"schema":{"@context":"https:\/\/schema.org","@graph":[{"@type":"Article","@id":"https:\/\/patrulheiroevangelista.com.br\/?p=9872#article","isPartOf":{"@id":"https:\/\/patrulheiroevangelista.com.br\/?p=9872"},"author":{"name":"Joshua Evangelista","@id":"https:\/\/patrulheiroevangelista.com.br\/#\/schema\/person\/bcae3dc00fc31286371eb8edc18dfdf4"},"headline":"Nova Odessa realiza mutir\u00f5es de emprego para a J&amp;T Express e Grupo GPS nos dias 8 e 11 de setembro","datePublished":"2026-09-04T19:04:39+00:00","dateModified":"2026-09-04T19:04:40+00:00","mainEntityOfPage":{"@id":"https:\/\/patrulheiroevangelista.com.br\/?p=9872"},"wordCount":468,"publisher":{"@id":"https:\/\/patrulheiroevangelista.com.br\/#organization"},"image":{"@id":"https:\/\/patrulheiroevangelista.com.br\/?p=9872#primaryimage"},"thumbnailUrl":"https:\/\/patrulheiroevangelista.com.br\/wp-content\/uploads\/2026\/09\/WhatsApp-Image-2026-09-04-at-16.00.28.jpeg","keywords":["Emprego"],"articleSection":["Oportunidade"],"inLanguage":"pt-BR"},{"@type":"WebPage","@id":"https:\/\/patrulheiroevangelista.com.br\/?p=9872","url":"https:\/\/patrulheiroevangelista.com.br\/?p=9872","name":"Nova Odessa realiza mutir\u00f5es de emprego para a J&amp;T Express e Grupo GPS nos dias 8 e 11 de setembro - Patrulheiro Evangelista","isPartOf":{"@id":"https:\/\/patrulheiroevangelista.com.br\/#website"},"primaryImageOfPage":{"@id":"https:\/\/patrulheiroevangelista.com.br\/?p=9872#primaryimage"},"image":{"@id":"https:\/\/patrulheiroevangelista.com.br\/?p=9872#primaryimage"},"thumbnailUrl":"https:\/\/patrulheiroevangelista.com.br\/wp-content\/uploads\/2026\/09\/WhatsApp-Image-2026-09-04-at-16.00.28.jpeg","datePublished":"2026-09-04T19:04:39+00:00","dateModified":"2026-09-04T19:04:40+00:00","breadcrumb":{"@id":"https:\/\/patrulheiroevangelista.com.br\/?p=9872#breadcrumb"},"inLanguage":"pt-BR","potentialAction":[{"@type":"ReadAction","target":["https:\/\/patrulheiroevangelista.com.br\/?p=9872"]}]},{"@type":"ImageObject","inLanguage":"pt-BR","@id":"https:\/\/patrulheiroevangelista.com.br\/?p=9872#primaryimage","url":"https:\/\/patrulheiroevangelista.com.br\/wp-content\/uploads\/2026\/09\/WhatsApp-Image-2026-09-04-at-16.00.28.jpeg","contentUrl":"https:\/\/patrulheiroevangelista.com.br\/wp-content\/uploads\/2026\/09\/WhatsApp-Image-2026-09-04-at-16.00.28.jpeg","width":1536,"height":1024},{"@type":"BreadcrumbList","@id":"https:\/\/patrulheiroevangelista.com.br\/?p=9872#breadcrumb","itemListElement":[{"@type":"ListItem","position":1,"name":"In\u00edcio","item":"https:\/\/patrulheiroevangelista.com.br\/"},{"@type":"ListItem","position":2,"name":"Nova Odessa realiza mutir\u00f5es de emprego para a J&amp;T Express e Grupo GPS nos dias 8 e 11 de setembro"}]},{"@type":"WebSite","@id":"https:\/\/patrulheiroevangelista.com.br\/#website","url":"https:\/\/patrulheiroevangelista.com.br\/","name":"Patrulheiro Evangelista","description":"","publisher":{"@id":"https:\/\/patrulheiroevangelista.com.br\/#organization"},"potentialAction":[{"@type":"SearchAction","target":{"@type":"EntryPoint","urlTemplate":"https:\/\/patrulheiroevangelista.com.br\/?s={search_term_string}"},"query-input":{"@type":"PropertyValueSpecification","valueRequired":true,"valueName":"search_term_string"}}],"inLanguage":"pt-BR"},{"@type":"Organization","@id":"https:\/\/patrulheiroevangelista.com.br\/#organization","name":"Patrulheiro Evangelista","url":"https:\/\/patrulheiroevangelista.com.br\/","logo":{"@type":"ImageObject","inLanguage":"pt-BR","@id":"https:\/\/patrulheiroevangelista.com.br\/#\/schema\/logo\/image\/","url":"https:\/\/patrulheiroevangelista.com.br\/wp-content\/uploads\/2022\/09\/cropped-cropped-1-300x169-1-1.png","contentUrl":"https:\/\/patrulheiroevangelista.com.br\/wp-content\/uploads\/2022\/09\/cropped-cropped-1-300x169-1-1.png","width":183,"height":103,"caption":"Patrulheiro Evangelista"},"image":{"@id":"https:\/\/patrulheiroevangelista.com.br\/#\/schema\/logo\/image\/"},"sameAs":["https:\/\/www.facebook.com\/patrulheiroevangelista","https:\/\/www.instagram.com\/patrulheiro.evangelista\/"]},{"@type":"Person","@id":"https:\/\/patrulheiroevangelista.com.br\/#\/schema\/person\/bcae3dc00fc31286371eb8edc18dfdf4","name":"Joshua Evangelista","image":{"@type":"ImageObject","inLanguage":"pt-BR","@id":"https:\/\/patrulheiroevangelista.com.br\/#\/schema\/person\/image\/","url":"https:\/\/secure.gravatar.com\/avatar\/d27d2f402c0fd218173b28d470bdb67b?s=96&r=g","contentUrl":"https:\/\/secure.gravatar.com\/avatar\/d27d2f402c0fd218173b28d470bdb67b?s=96&r=g","caption":"Joshua Evangelista"},"description":"Comunic\u00f3logo, jornalista e cofundador do site desde outubro de 2019.","sameAs":["https:\/\/patrulheiro-evangelista-wordpress-904373-145-223-29-15.traefik.me"],"url":"https:\/\/patrulheiroevangelista.com.br\/?author=1"}]}},"_links":{"self":[{"href":"https:\/\/patrulheiroevangelista.com.br\/index.php?rest_route=\/wp\/v2\/posts\/9872","targetHints":{"allow":["GET"]}}],"collection":[{"href":"https:\/\/patrulheiroevangelista.com.br\/index.php?rest_route=\/wp\/v2\/posts"}],"about":[{"href":"https:\/\/patrulheiroevangelista.com.br\/index.php?rest_route=\/wp\/v2\/types\/post"}],"author":[{"embeddable":true,"href":"https:\/\/patrulheiroevangelista.com.br\/index.php?rest_route=\/wp\/v2\/users\/1"}],"replies":[{"embeddable":true,"href":"https:\/\/patrulheiroevangelista.com.br\/index.php?rest_route=%2Fwp%2Fv2%2Fcomments&post=9872"}],"version-history":[{"count":2,"href":"https:\/\/patrulheiroevangelista.com.br\/index.php?rest_route=\/wp\/v2\/posts\/9872\/revisions"}],"predecessor-version":[{"id":9875,"href":"https:\/\/patrulheiroevangelista.com.br\/index.php?rest_route=\/wp\/v2\/posts\/9872\/revisions\/9875"}],"wp:featuredmedia":[{"embeddable":true,"href":"https:\/\/patrulheiroevangelista.com.br\/index.php?rest_route=\/wp\/v2\/media\/9874"}],"wp:attachment":[{"href":"https:\/\/patrulheiroevangelista.com.br\/index.php?rest_route=%2Fwp%2Fv2%2Fmedia&parent=9872"}],"wp:term":[{"taxonomy":"category","embeddable":true,"href":"https:\/\/patrulheiroevangelista.com.br\/index.php?rest_route=%2Fwp%2Fv2%2Fcategories&post=9872"},{"taxonomy":"post_tag","embeddable":true,"href":"https:\/\/patrulheiroevangelista.com.br\/index.php?rest_route=%2Fwp%2Fv2%2Ftags&post=9872"}],"curies":[{"name":"wp","href":"https:\/\/api.w.org\/{rel}","templated":true}]}}