{"id":9865,"date":"2026-09-03T15:04:33","date_gmt":"2026-09-03T18:04:33","guid":{"rendered":"https:\/\/patrulheiroevangelista.com.br\/?p=9865"},"modified":"2026-09-03T15:04:34","modified_gmt":"2026-09-03T18:04:34","slug":"santa-barbara-doeste-abre-processo-seletivo-para-estagiarios-de-niveis-medio-tecnico-e-superior","status":"publish","type":"post","link":"https:\/\/patrulheiroevangelista.com.br\/?p=9865","title":{"rendered":"Santa B\u00e1rbara d&#8217;Oeste abre processo seletivo para estagi\u00e1rios de n\u00edveis m\u00e9dio, t\u00e9cnico e superior"},"content":{"rendered":"\n<p>A Prefeitura de Santa B\u00e1rbara d\u2019Oeste est\u00e1 com inscri\u00e7\u00f5es abertas para um processo seletivo destinado \u00e0 forma\u00e7\u00e3o de cadastro reserva para estagi\u00e1rios. A sele\u00e7\u00e3o contempla estudantes dos ensinos M\u00e9dio, T\u00e9cnico e Superior de diversas \u00e1reas do conhecimento. Os interessados t\u00eam at\u00e9 o dia 15 de setembro para efetuar a inscri\u00e7\u00e3o e realizar a prova on-line.<\/p>\n\n\n\n<p>O processo seletivo \u00e9 realizado em parceria com o Centro de Integra\u00e7\u00e3o Empresa-Escola (CIEE).<\/p>\n\n\n\n<p>Os estagi\u00e1rios selecionados cumprir\u00e3o uma jornada presencial de 30 horas semanais (limite de 6 horas di\u00e1rias). Os benef\u00edcios oferecidos pela administra\u00e7\u00e3o municipal incluem:<\/p>\n\n\n\n<ul class=\"wp-block-list\">\n<li><strong>N\u00edvel Superior:<\/strong> Bolsa-aux\u00edlio equivalente a um sal\u00e1rio m\u00ednimo nacional;<\/li>\n\n\n\n<li><strong>N\u00edvel T\u00e9cnico e M\u00e9dio:<\/strong> Bolsa-aux\u00edlio correspondente a 3\/4 do sal\u00e1rio m\u00ednimo;<\/li>\n\n\n\n<li><strong>Aux\u00edlio-transporte:<\/strong> R$ 11,80 por dia de est\u00e1gio presencial efetuado.<\/li>\n<\/ul>\n\n\n\n<p>Confira as vagas abertas para cadastro reserva:<\/p>\n\n\n\n<p><strong>N\u00edvel Superior:<\/strong> Administra\u00e7\u00e3o de Empresas, Arquitetura e Urbanismo, Artes Visuais, Biomedicina, Ci\u00eancias Biol\u00f3gicas, Ci\u00eancias Cont\u00e1beis, Ci\u00eancias Econ\u00f4micas, Comunica\u00e7\u00e3o Social (Marketing \/ Publicidade e Propaganda \/ R\u00e1dio e TV), Design Gr\u00e1fico, Direito, Educa\u00e7\u00e3o Especial, Educa\u00e7\u00e3o F\u00edsica (Bacharelado), Engenharia Ambiental, Engenharia Agron\u00f4mica, Engenharia de Seguran\u00e7a do Trabalho, Engenharia Civil, Farm\u00e1cia, Gest\u00e3o Empresarial, Gest\u00e3o Financeira, Inform\u00e1tica (Geral), Jornalismo, Hist\u00f3ria, Letras, Log\u00edstica, Medicina Veterin\u00e1ria, Museologia, Nutri\u00e7\u00e3o, Pedagogia, Psicopedagogia, Processos Gerenciais, Recursos Humanos e Servi\u00e7o Social.<\/p>\n\n\n\n<p><strong>N\u00edvel T\u00e9cnico:<\/strong> Administra\u00e7\u00e3o, Contabilidade, Design Gr\u00e1fico, Edifica\u00e7\u00f5es, Inform\u00e1tica (Geral), Inform\u00e1tica para Internet, Log\u00edstica, Recursos Humanos e Servi\u00e7os Jur\u00eddicos.<\/p>\n\n\n\n<p><strong>N\u00edvel M\u00e9dio:<\/strong> Fun\u00e7\u00f5es diversas para estudantes matriculados do 1\u00ba ao 3\u00ba ano do Ensino M\u00e9dio.<\/p>\n\n\n\n<p>Tanto o cadastro quanto a realiza\u00e7\u00e3o da avalia\u00e7\u00e3o objetiva on-line devem ser conclu\u00eddos at\u00e9 15 de setembro, exclusivamente pela internet. O candidato deve acessar a p\u00e1gina oficial do processo seletivo no portal do CIEE: <a href=\"https:\/\/www.google.com\/search?q=https:\/\/pp.ciee.org.br\/vitrine\/17339\/detalhe\" target=\"_blank\" rel=\"noreferrer noopener\">pp.ciee.org.br\/vitrine\/17339\/detalhe<\/a>.<\/p>\n\n\n<div class=\"wp-block-image\">\n<figure class=\"aligncenter size-large is-resized\"><img loading=\"lazy\" decoding=\"async\" width=\"1024\" height=\"348\" src=\"https:\/\/patrulheiroevangelista.com.br\/wp-content\/uploads\/2025\/06\/Rodape-Anunciante-1024x348.jpg\" alt=\"\" class=\"wp-image-8486\" style=\"width:688px;height:auto\" srcset=\"https:\/\/patrulheiroevangelista.com.br\/wp-content\/uploads\/2025\/06\/Rodape-Anunciante-1024x348.jpg 1024w, https:\/\/patrulheiroevangelista.com.br\/wp-content\/uploads\/2025\/06\/Rodape-Anunciante-300x102.jpg 300w, https:\/\/patrulheiroevangelista.com.br\/wp-content\/uploads\/2025\/06\/Rodape-Anunciante-768x261.jpg 768w, https:\/\/patrulheiroevangelista.com.br\/wp-content\/uploads\/2025\/06\/Rodape-Anunciante-1536x522.jpg 1536w, https:\/\/patrulheiroevangelista.com.br\/wp-content\/uploads\/2025\/06\/Rodape-Anunciante.jpg 2000w\" sizes=\"auto, (max-width: 1024px) 100vw, 1024px\" \/><\/figure><\/div>","protected":false},"excerpt":{"rendered":"<p>A Prefeitura de Santa B\u00e1rbara d\u2019Oeste est\u00e1 com inscri\u00e7\u00f5es abertas para um processo seletivo destinado \u00e0 forma\u00e7\u00e3o de cadastro reserva para estagi\u00e1rios. A sele\u00e7\u00e3o contempla estudantes dos ensinos M\u00e9dio, T\u00e9cnico e Superior de diversas \u00e1reas do conhecimento. Os interessados t\u00eam at\u00e9 o dia 15 de setembro para efetuar a inscri\u00e7\u00e3o e realizar a prova on-line. [&hellip;]<\/p>\n","protected":false},"author":1,"featured_media":9867,"comment_status":"closed","ping_status":"open","sticky":false,"template":"","format":"standard","meta":{"footnotes":""},"categories":[28],"tags":[256],"class_list":["post-9865","post","type-post","status-publish","format-standard","has-post-thumbnail","hentry","category-oportunidade","tag-estagio"],"yoast_head":"<!-- This site is optimized with the Yoast SEO plugin v26.8 - https:\/\/yoast.com\/product\/yoast-seo-wordpress\/ -->\n<title>Santa B\u00e1rbara d&#039;Oeste abre processo seletivo para estagi\u00e1rios de n\u00edveis m\u00e9dio, t\u00e9cnico e superior - Patrulheiro Evangelista<\/title>\n<meta name=\"robots\" content=\"index, follow, max-snippet:-1, max-image-preview:large, max-video-preview:-1\" \/>\n<link rel=\"canonical\" href=\"https:\/\/patrulheiroevangelista.com.br\/?p=9865\" \/>\n<meta property=\"og:locale\" content=\"pt_BR\" \/>\n<meta property=\"og:type\" content=\"article\" \/>\n<meta property=\"og:title\" content=\"Santa B\u00e1rbara d&#039;Oeste abre processo seletivo para estagi\u00e1rios de n\u00edveis m\u00e9dio, t\u00e9cnico e superior - Patrulheiro Evangelista\" \/>\n<meta property=\"og:description\" content=\"A Prefeitura de Santa B\u00e1rbara d\u2019Oeste est\u00e1 com inscri\u00e7\u00f5es abertas para um processo seletivo destinado \u00e0 forma\u00e7\u00e3o de cadastro reserva para estagi\u00e1rios. A sele\u00e7\u00e3o contempla estudantes dos ensinos M\u00e9dio, T\u00e9cnico e Superior de diversas \u00e1reas do conhecimento. Os interessados t\u00eam at\u00e9 o dia 15 de setembro para efetuar a inscri\u00e7\u00e3o e realizar a prova on-line. [&hellip;]\" \/>\n<meta property=\"og:url\" content=\"https:\/\/patrulheiroevangelista.com.br\/?p=9865\" \/>\n<meta property=\"og:site_name\" content=\"Patrulheiro Evangelista\" \/>\n<meta property=\"article:publisher\" content=\"https:\/\/www.facebook.com\/patrulheiroevangelista\" \/>\n<meta property=\"article:published_time\" content=\"2026-09-03T18:04:33+00:00\" \/>\n<meta property=\"article:modified_time\" content=\"2026-09-03T18:04:34+00:00\" \/>\n<meta property=\"og:image\" content=\"https:\/\/patrulheiroevangelista.com.br\/wp-content\/uploads\/2026\/09\/53bb5389952489521fac2b6feda1e639.jpg\" \/>\n\t<meta property=\"og:image:width\" content=\"800\" \/>\n\t<meta property=\"og:image:height\" content=\"533\" \/>\n\t<meta property=\"og:image:type\" content=\"image\/jpeg\" \/>\n<meta name=\"author\" content=\"Joshua Evangelista\" \/>\n<meta name=\"twitter:card\" content=\"summary_large_image\" \/>\n<meta name=\"twitter:label1\" content=\"Escrito por\" \/>\n\t<meta name=\"twitter:data1\" content=\"Joshua Evangelista\" \/>\n\t<meta name=\"twitter:label2\" content=\"Est. tempo de leitura\" \/>\n\t<meta name=\"twitter:data2\" content=\"2 minutos\" \/>\n<script type=\"application\/ld+json\" class=\"yoast-schema-graph\">{\"@context\":\"https:\/\/schema.org\",\"@graph\":[{\"@type\":\"Article\",\"@id\":\"https:\/\/patrulheiroevangelista.com.br\/?p=9865#article\",\"isPartOf\":{\"@id\":\"https:\/\/patrulheiroevangelista.com.br\/?p=9865\"},\"author\":{\"name\":\"Joshua Evangelista\",\"@id\":\"https:\/\/patrulheiroevangelista.com.br\/#\/schema\/person\/bcae3dc00fc31286371eb8edc18dfdf4\"},\"headline\":\"Santa B\u00e1rbara d&#8217;Oeste abre processo seletivo para estagi\u00e1rios de n\u00edveis m\u00e9dio, t\u00e9cnico e superior\",\"datePublished\":\"2026-09-03T18:04:33+00:00\",\"dateModified\":\"2026-09-03T18:04:34+00:00\",\"mainEntityOfPage\":{\"@id\":\"https:\/\/patrulheiroevangelista.com.br\/?p=9865\"},\"wordCount\":351,\"publisher\":{\"@id\":\"https:\/\/patrulheiroevangelista.com.br\/#organization\"},\"image\":{\"@id\":\"https:\/\/patrulheiroevangelista.com.br\/?p=9865#primaryimage\"},\"thumbnailUrl\":\"https:\/\/patrulheiroevangelista.com.br\/wp-content\/uploads\/2026\/09\/53bb5389952489521fac2b6feda1e639.jpg\",\"keywords\":[\"Est\u00e1gio\"],\"articleSection\":[\"Oportunidade\"],\"inLanguage\":\"pt-BR\"},{\"@type\":\"WebPage\",\"@id\":\"https:\/\/patrulheiroevangelista.com.br\/?p=9865\",\"url\":\"https:\/\/patrulheiroevangelista.com.br\/?p=9865\",\"name\":\"Santa B\u00e1rbara d'Oeste abre processo seletivo para estagi\u00e1rios de n\u00edveis m\u00e9dio, t\u00e9cnico e superior - Patrulheiro Evangelista\",\"isPartOf\":{\"@id\":\"https:\/\/patrulheiroevangelista.com.br\/#website\"},\"primaryImageOfPage\":{\"@id\":\"https:\/\/patrulheiroevangelista.com.br\/?p=9865#primaryimage\"},\"image\":{\"@id\":\"https:\/\/patrulheiroevangelista.com.br\/?p=9865#primaryimage\"},\"thumbnailUrl\":\"https:\/\/patrulheiroevangelista.com.br\/wp-content\/uploads\/2026\/09\/53bb5389952489521fac2b6feda1e639.jpg\",\"datePublished\":\"2026-09-03T18:04:33+00:00\",\"dateModified\":\"2026-09-03T18:04:34+00:00\",\"breadcrumb\":{\"@id\":\"https:\/\/patrulheiroevangelista.com.br\/?p=9865#breadcrumb\"},\"inLanguage\":\"pt-BR\",\"potentialAction\":[{\"@type\":\"ReadAction\",\"target\":[\"https:\/\/patrulheiroevangelista.com.br\/?p=9865\"]}]},{\"@type\":\"ImageObject\",\"inLanguage\":\"pt-BR\",\"@id\":\"https:\/\/patrulheiroevangelista.com.br\/?p=9865#primaryimage\",\"url\":\"https:\/\/patrulheiroevangelista.com.br\/wp-content\/uploads\/2026\/09\/53bb5389952489521fac2b6feda1e639.jpg\",\"contentUrl\":\"https:\/\/patrulheiroevangelista.com.br\/wp-content\/uploads\/2026\/09\/53bb5389952489521fac2b6feda1e639.jpg\",\"width\":800,\"height\":533,\"caption\":\"Foto: Prefeitura de Santa B\u00e1rbara d'Oeste\"},{\"@type\":\"BreadcrumbList\",\"@id\":\"https:\/\/patrulheiroevangelista.com.br\/?p=9865#breadcrumb\",\"itemListElement\":[{\"@type\":\"ListItem\",\"position\":1,\"name\":\"In\u00edcio\",\"item\":\"https:\/\/patrulheiroevangelista.com.br\/\"},{\"@type\":\"ListItem\",\"position\":2,\"name\":\"Santa B\u00e1rbara d&#8217;Oeste abre processo seletivo para estagi\u00e1rios de n\u00edveis m\u00e9dio, t\u00e9cnico e superior\"}]},{\"@type\":\"WebSite\",\"@id\":\"https:\/\/patrulheiroevangelista.com.br\/#website\",\"url\":\"https:\/\/patrulheiroevangelista.com.br\/\",\"name\":\"Patrulheiro Evangelista\",\"description\":\"\",\"publisher\":{\"@id\":\"https:\/\/patrulheiroevangelista.com.br\/#organization\"},\"potentialAction\":[{\"@type\":\"SearchAction\",\"target\":{\"@type\":\"EntryPoint\",\"urlTemplate\":\"https:\/\/patrulheiroevangelista.com.br\/?s={search_term_string}\"},\"query-input\":{\"@type\":\"PropertyValueSpecification\",\"valueRequired\":true,\"valueName\":\"search_term_string\"}}],\"inLanguage\":\"pt-BR\"},{\"@type\":\"Organization\",\"@id\":\"https:\/\/patrulheiroevangelista.com.br\/#organization\",\"name\":\"Patrulheiro Evangelista\",\"url\":\"https:\/\/patrulheiroevangelista.com.br\/\",\"logo\":{\"@type\":\"ImageObject\",\"inLanguage\":\"pt-BR\",\"@id\":\"https:\/\/patrulheiroevangelista.com.br\/#\/schema\/logo\/image\/\",\"url\":\"https:\/\/patrulheiroevangelista.com.br\/wp-content\/uploads\/2022\/09\/cropped-cropped-1-300x169-1-1.png\",\"contentUrl\":\"https:\/\/patrulheiroevangelista.com.br\/wp-content\/uploads\/2022\/09\/cropped-cropped-1-300x169-1-1.png\",\"width\":183,\"height\":103,\"caption\":\"Patrulheiro Evangelista\"},\"image\":{\"@id\":\"https:\/\/patrulheiroevangelista.com.br\/#\/schema\/logo\/image\/\"},\"sameAs\":[\"https:\/\/www.facebook.com\/patrulheiroevangelista\",\"https:\/\/www.instagram.com\/patrulheiro.evangelista\/\"]},{\"@type\":\"Person\",\"@id\":\"https:\/\/patrulheiroevangelista.com.br\/#\/schema\/person\/bcae3dc00fc31286371eb8edc18dfdf4\",\"name\":\"Joshua Evangelista\",\"image\":{\"@type\":\"ImageObject\",\"inLanguage\":\"pt-BR\",\"@id\":\"https:\/\/patrulheiroevangelista.com.br\/#\/schema\/person\/image\/\",\"url\":\"https:\/\/secure.gravatar.com\/avatar\/d27d2f402c0fd218173b28d470bdb67b?s=96&r=g\",\"contentUrl\":\"https:\/\/secure.gravatar.com\/avatar\/d27d2f402c0fd218173b28d470bdb67b?s=96&r=g\",\"caption\":\"Joshua Evangelista\"},\"description\":\"Comunic\u00f3logo, jornalista e cofundador do site desde outubro de 2019.\",\"sameAs\":[\"https:\/\/patrulheiro-evangelista-wordpress-904373-145-223-29-15.traefik.me\"],\"url\":\"https:\/\/patrulheiroevangelista.com.br\/?author=1\"}]}<\/script>\n<!-- \/ Yoast SEO plugin. -->","yoast_head_json":{"title":"Santa B\u00e1rbara d'Oeste abre processo seletivo para estagi\u00e1rios de n\u00edveis m\u00e9dio, t\u00e9cnico e superior - Patrulheiro Evangelista","robots":{"index":"index","follow":"follow","max-snippet":"max-snippet:-1","max-image-preview":"max-image-preview:large","max-video-preview":"max-video-preview:-1"},"canonical":"https:\/\/patrulheiroevangelista.com.br\/?p=9865","og_locale":"pt_BR","og_type":"article","og_title":"Santa B\u00e1rbara d'Oeste abre processo seletivo para estagi\u00e1rios de n\u00edveis m\u00e9dio, t\u00e9cnico e superior - Patrulheiro Evangelista","og_description":"A Prefeitura de Santa B\u00e1rbara d\u2019Oeste est\u00e1 com inscri\u00e7\u00f5es abertas para um processo seletivo destinado \u00e0 forma\u00e7\u00e3o de cadastro reserva para estagi\u00e1rios. A sele\u00e7\u00e3o contempla estudantes dos ensinos M\u00e9dio, T\u00e9cnico e Superior de diversas \u00e1reas do conhecimento. Os interessados t\u00eam at\u00e9 o dia 15 de setembro para efetuar a inscri\u00e7\u00e3o e realizar a prova on-line. [&hellip;]","og_url":"https:\/\/patrulheiroevangelista.com.br\/?p=9865","og_site_name":"Patrulheiro Evangelista","article_publisher":"https:\/\/www.facebook.com\/patrulheiroevangelista","article_published_time":"2026-09-03T18:04:33+00:00","article_modified_time":"2026-09-03T18:04:34+00:00","og_image":[{"width":800,"height":533,"url":"https:\/\/patrulheiroevangelista.com.br\/wp-content\/uploads\/2026\/09\/53bb5389952489521fac2b6feda1e639.jpg","type":"image\/jpeg"}],"author":"Joshua Evangelista","twitter_card":"summary_large_image","twitter_misc":{"Escrito por":"Joshua Evangelista","Est. tempo de leitura":"2 minutos"},"schema":{"@context":"https:\/\/schema.org","@graph":[{"@type":"Article","@id":"https:\/\/patrulheiroevangelista.com.br\/?p=9865#article","isPartOf":{"@id":"https:\/\/patrulheiroevangelista.com.br\/?p=9865"},"author":{"name":"Joshua Evangelista","@id":"https:\/\/patrulheiroevangelista.com.br\/#\/schema\/person\/bcae3dc00fc31286371eb8edc18dfdf4"},"headline":"Santa B\u00e1rbara d&#8217;Oeste abre processo seletivo para estagi\u00e1rios de n\u00edveis m\u00e9dio, t\u00e9cnico e superior","datePublished":"2026-09-03T18:04:33+00:00","dateModified":"2026-09-03T18:04:34+00:00","mainEntityOfPage":{"@id":"https:\/\/patrulheiroevangelista.com.br\/?p=9865"},"wordCount":351,"publisher":{"@id":"https:\/\/patrulheiroevangelista.com.br\/#organization"},"image":{"@id":"https:\/\/patrulheiroevangelista.com.br\/?p=9865#primaryimage"},"thumbnailUrl":"https:\/\/patrulheiroevangelista.com.br\/wp-content\/uploads\/2026\/09\/53bb5389952489521fac2b6feda1e639.jpg","keywords":["Est\u00e1gio"],"articleSection":["Oportunidade"],"inLanguage":"pt-BR"},{"@type":"WebPage","@id":"https:\/\/patrulheiroevangelista.com.br\/?p=9865","url":"https:\/\/patrulheiroevangelista.com.br\/?p=9865","name":"Santa B\u00e1rbara d'Oeste abre processo seletivo para estagi\u00e1rios de n\u00edveis m\u00e9dio, t\u00e9cnico e superior - Patrulheiro Evangelista","isPartOf":{"@id":"https:\/\/patrulheiroevangelista.com.br\/#website"},"primaryImageOfPage":{"@id":"https:\/\/patrulheiroevangelista.com.br\/?p=9865#primaryimage"},"image":{"@id":"https:\/\/patrulheiroevangelista.com.br\/?p=9865#primaryimage"},"thumbnailUrl":"https:\/\/patrulheiroevangelista.com.br\/wp-content\/uploads\/2026\/09\/53bb5389952489521fac2b6feda1e639.jpg","datePublished":"2026-09-03T18:04:33+00:00","dateModified":"2026-09-03T18:04:34+00:00","breadcrumb":{"@id":"https:\/\/patrulheiroevangelista.com.br\/?p=9865#breadcrumb"},"inLanguage":"pt-BR","potentialAction":[{"@type":"ReadAction","target":["https:\/\/patrulheiroevangelista.com.br\/?p=9865"]}]},{"@type":"ImageObject","inLanguage":"pt-BR","@id":"https:\/\/patrulheiroevangelista.com.br\/?p=9865#primaryimage","url":"https:\/\/patrulheiroevangelista.com.br\/wp-content\/uploads\/2026\/09\/53bb5389952489521fac2b6feda1e639.jpg","contentUrl":"https:\/\/patrulheiroevangelista.com.br\/wp-content\/uploads\/2026\/09\/53bb5389952489521fac2b6feda1e639.jpg","width":800,"height":533,"caption":"Foto: Prefeitura de Santa B\u00e1rbara d'Oeste"},{"@type":"BreadcrumbList","@id":"https:\/\/patrulheiroevangelista.com.br\/?p=9865#breadcrumb","itemListElement":[{"@type":"ListItem","position":1,"name":"In\u00edcio","item":"https:\/\/patrulheiroevangelista.com.br\/"},{"@type":"ListItem","position":2,"name":"Santa B\u00e1rbara d&#8217;Oeste abre processo seletivo para estagi\u00e1rios de n\u00edveis m\u00e9dio, t\u00e9cnico e superior"}]},{"@type":"WebSite","@id":"https:\/\/patrulheiroevangelista.com.br\/#website","url":"https:\/\/patrulheiroevangelista.com.br\/","name":"Patrulheiro Evangelista","description":"","publisher":{"@id":"https:\/\/patrulheiroevangelista.com.br\/#organization"},"potentialAction":[{"@type":"SearchAction","target":{"@type":"EntryPoint","urlTemplate":"https:\/\/patrulheiroevangelista.com.br\/?s={search_term_string}"},"query-input":{"@type":"PropertyValueSpecification","valueRequired":true,"valueName":"search_term_string"}}],"inLanguage":"pt-BR"},{"@type":"Organization","@id":"https:\/\/patrulheiroevangelista.com.br\/#organization","name":"Patrulheiro Evangelista","url":"https:\/\/patrulheiroevangelista.com.br\/","logo":{"@type":"ImageObject","inLanguage":"pt-BR","@id":"https:\/\/patrulheiroevangelista.com.br\/#\/schema\/logo\/image\/","url":"https:\/\/patrulheiroevangelista.com.br\/wp-content\/uploads\/2022\/09\/cropped-cropped-1-300x169-1-1.png","contentUrl":"https:\/\/patrulheiroevangelista.com.br\/wp-content\/uploads\/2022\/09\/cropped-cropped-1-300x169-1-1.png","width":183,"height":103,"caption":"Patrulheiro Evangelista"},"image":{"@id":"https:\/\/patrulheiroevangelista.com.br\/#\/schema\/logo\/image\/"},"sameAs":["https:\/\/www.facebook.com\/patrulheiroevangelista","https:\/\/www.instagram.com\/patrulheiro.evangelista\/"]},{"@type":"Person","@id":"https:\/\/patrulheiroevangelista.com.br\/#\/schema\/person\/bcae3dc00fc31286371eb8edc18dfdf4","name":"Joshua Evangelista","image":{"@type":"ImageObject","inLanguage":"pt-BR","@id":"https:\/\/patrulheiroevangelista.com.br\/#\/schema\/person\/image\/","url":"https:\/\/secure.gravatar.com\/avatar\/d27d2f402c0fd218173b28d470bdb67b?s=96&r=g","contentUrl":"https:\/\/secure.gravatar.com\/avatar\/d27d2f402c0fd218173b28d470bdb67b?s=96&r=g","caption":"Joshua Evangelista"},"description":"Comunic\u00f3logo, jornalista e cofundador do site desde outubro de 2019.","sameAs":["https:\/\/patrulheiro-evangelista-wordpress-904373-145-223-29-15.traefik.me"],"url":"https:\/\/patrulheiroevangelista.com.br\/?author=1"}]}},"_links":{"self":[{"href":"https:\/\/patrulheiroevangelista.com.br\/index.php?rest_route=\/wp\/v2\/posts\/9865","targetHints":{"allow":["GET"]}}],"collection":[{"href":"https:\/\/patrulheiroevangelista.com.br\/index.php?rest_route=\/wp\/v2\/posts"}],"about":[{"href":"https:\/\/patrulheiroevangelista.com.br\/index.php?rest_route=\/wp\/v2\/types\/post"}],"author":[{"embeddable":true,"href":"https:\/\/patrulheiroevangelista.com.br\/index.php?rest_route=\/wp\/v2\/users\/1"}],"replies":[{"embeddable":true,"href":"https:\/\/patrulheiroevangelista.com.br\/index.php?rest_route=%2Fwp%2Fv2%2Fcomments&post=9865"}],"version-history":[{"count":2,"href":"https:\/\/patrulheiroevangelista.com.br\/index.php?rest_route=\/wp\/v2\/posts\/9865\/revisions"}],"predecessor-version":[{"id":9868,"href":"https:\/\/patrulheiroevangelista.com.br\/index.php?rest_route=\/wp\/v2\/posts\/9865\/revisions\/9868"}],"wp:featuredmedia":[{"embeddable":true,"href":"https:\/\/patrulheiroevangelista.com.br\/index.php?rest_route=\/wp\/v2\/media\/9867"}],"wp:attachment":[{"href":"https:\/\/patrulheiroevangelista.com.br\/index.php?rest_route=%2Fwp%2Fv2%2Fmedia&parent=9865"}],"wp:term":[{"taxonomy":"category","embeddable":true,"href":"https:\/\/patrulheiroevangelista.com.br\/index.php?rest_route=%2Fwp%2Fv2%2Fcategories&post=9865"},{"taxonomy":"post_tag","embeddable":true,"href":"https:\/\/patrulheiroevangelista.com.br\/index.php?rest_route=%2Fwp%2Fv2%2Ftags&post=9865"}],"curies":[{"name":"wp","href":"https:\/\/api.w.org\/{rel}","templated":true}]}}