{"id":9862,"date":"2026-09-02T16:56:59","date_gmt":"2026-09-02T19:56:59","guid":{"rendered":"https:\/\/patrulheiroevangelista.com.br\/?p=9862"},"modified":"2026-09-02T16:57:00","modified_gmt":"2026-09-02T19:57:00","slug":"volei-de-praia-de-americana-realiza-seletiva-para-categorias-de-base","status":"publish","type":"post","link":"https:\/\/patrulheiroevangelista.com.br\/?p=9862","title":{"rendered":"V\u00f4lei de praia de Americana realiza seletiva para categorias de base"},"content":{"rendered":"\n<p>A Secretaria de Esportes da Prefeitura de Americana, em parceria com a equipe Malagutti Sports, est\u00e1 com inscri\u00e7\u00f5es abertas para a seletiva de atletas de v\u00f4lei de praia. O objetivo da peneira \u00e9 captar jovens talentos para formar as duplas das equipes masculina e feminina nas categorias sub-15, sub-17 e sub-19, visando a representa\u00e7\u00e3o do munic\u00edpio em torneios estaduais e nacionais, com foco nos Jogos Regionais e Jogos Abertos do Interior da temporada 2027.<\/p>\n\n\n\n<p>A sele\u00e7\u00e3o \u00e9 direcionada a jovens que j\u00e1 possuem viv\u00eancia e experi\u00eancia competitiva no v\u00f4lei de praia ou no v\u00f4lei de quadra e desejam migrar para as arenas de areia.<\/p>\n\n\n\n<p>As avalia\u00e7\u00f5es ocorrem durante os treinos regulares da equipe, realizados semanalmente \u00e0s segundas-feiras, das 19h45 \u00e0s 21h45, na quadra de areia do Complexo Poliesportivo Milton Fenley Azenha (Centro C\u00edvico).<\/p>\n\n\n\n<p>Os atletas interessados podem comparecer diretamente ao local no hor\u00e1rio do treino ou entrar em contato com o treinador Gabriel Malagutti para agendamento e d\u00favidas:<\/p>\n\n\n\n<ul class=\"wp-block-list\">\n<li><strong>Instagram:<\/strong> Direct para <code>@gabriel__malagutti<\/code><\/li>\n\n\n\n<li><strong>Telefone \/ WhatsApp:<\/strong> (19) 99431-6159<\/li>\n\n\n\n<li><strong>Presencialmente:<\/strong> Rua Sergipe, 250, Jardim Colina <\/li>\n<\/ul>\n\n\n\n<p>\u201cEstamos procurando atletas que j\u00e1 tenham alguma experi\u00eancia competitiva, tanto no v\u00f4lei de praia quanto no v\u00f4lei de quadra e que tenham interesse em se desenvolver na areia. A ideia \u00e9 formar nossas equipes de competi\u00e7\u00e3o e representar Americana nas principais competi\u00e7\u00f5es oficiais da modalidade. Queremos que esses jovens tenham a oportunidade de competir, ganhar experi\u00eancia e levar o nome da cidade para diferentes competi\u00e7\u00f5es\u201d, destacou o t\u00e9cnico da equipe, Gabriel Malagutti.<\/p>\n\n\n\n<figure class=\"wp-block-image size-large\"><img loading=\"lazy\" decoding=\"async\" width=\"1024\" height=\"264\" src=\"https:\/\/patrulheiroevangelista.com.br\/wp-content\/uploads\/2026\/04\/CORPO-ENERGIA-FIT-DANCE-1024x264.png\" alt=\"\" class=\"wp-image-9457\" srcset=\"https:\/\/patrulheiroevangelista.com.br\/wp-content\/uploads\/2026\/04\/CORPO-ENERGIA-FIT-DANCE-1024x264.png 1024w, https:\/\/patrulheiroevangelista.com.br\/wp-content\/uploads\/2026\/04\/CORPO-ENERGIA-FIT-DANCE-300x77.png 300w, https:\/\/patrulheiroevangelista.com.br\/wp-content\/uploads\/2026\/04\/CORPO-ENERGIA-FIT-DANCE-768x198.png 768w, https:\/\/patrulheiroevangelista.com.br\/wp-content\/uploads\/2026\/04\/CORPO-ENERGIA-FIT-DANCE-1536x396.png 1536w, https:\/\/patrulheiroevangelista.com.br\/wp-content\/uploads\/2026\/04\/CORPO-ENERGIA-FIT-DANCE-2048x528.png 2048w\" sizes=\"auto, (max-width: 1024px) 100vw, 1024px\" \/><\/figure>\n","protected":false},"excerpt":{"rendered":"<p>A Secretaria de Esportes da Prefeitura de Americana, em parceria com a equipe Malagutti Sports, est\u00e1 com inscri\u00e7\u00f5es abertas para a seletiva de atletas de v\u00f4lei de praia. O objetivo da peneira \u00e9 captar jovens talentos para formar as duplas das equipes masculina e feminina nas categorias sub-15, sub-17 e sub-19, visando a representa\u00e7\u00e3o do [&hellip;]<\/p>\n","protected":false},"author":1,"featured_media":9863,"comment_status":"closed","ping_status":"open","sticky":false,"template":"","format":"standard","meta":{"footnotes":""},"categories":[9],"tags":[78],"class_list":["post-9862","post","type-post","status-publish","format-standard","has-post-thumbnail","hentry","category-esporte","tag-americana"],"yoast_head":"<!-- This site is optimized with the Yoast SEO plugin v26.8 - https:\/\/yoast.com\/product\/yoast-seo-wordpress\/ -->\n<title>V\u00f4lei de praia de Americana realiza seletiva para categorias de base - Patrulheiro Evangelista<\/title>\n<meta name=\"robots\" content=\"index, follow, max-snippet:-1, max-image-preview:large, max-video-preview:-1\" \/>\n<link rel=\"canonical\" href=\"https:\/\/patrulheiroevangelista.com.br\/?p=9862\" \/>\n<meta property=\"og:locale\" content=\"pt_BR\" \/>\n<meta property=\"og:type\" content=\"article\" \/>\n<meta property=\"og:title\" content=\"V\u00f4lei de praia de Americana realiza seletiva para categorias de base - Patrulheiro Evangelista\" \/>\n<meta property=\"og:description\" content=\"A Secretaria de Esportes da Prefeitura de Americana, em parceria com a equipe Malagutti Sports, est\u00e1 com inscri\u00e7\u00f5es abertas para a seletiva de atletas de v\u00f4lei de praia. O objetivo da peneira \u00e9 captar jovens talentos para formar as duplas das equipes masculina e feminina nas categorias sub-15, sub-17 e sub-19, visando a representa\u00e7\u00e3o do [&hellip;]\" \/>\n<meta property=\"og:url\" content=\"https:\/\/patrulheiroevangelista.com.br\/?p=9862\" \/>\n<meta property=\"og:site_name\" content=\"Patrulheiro Evangelista\" \/>\n<meta property=\"article:publisher\" content=\"https:\/\/www.facebook.com\/patrulheiroevangelista\" \/>\n<meta property=\"article:published_time\" content=\"2026-09-02T19:56:59+00:00\" \/>\n<meta property=\"article:modified_time\" content=\"2026-09-02T19:57:00+00:00\" \/>\n<meta property=\"og:image\" content=\"https:\/\/patrulheiroevangelista.com.br\/wp-content\/uploads\/2026\/09\/post-10.jpg\" \/>\n\t<meta property=\"og:image:width\" content=\"1600\" \/>\n\t<meta property=\"og:image:height\" content=\"1023\" \/>\n\t<meta property=\"og:image:type\" content=\"image\/jpeg\" \/>\n<meta name=\"author\" content=\"Joshua Evangelista\" \/>\n<meta name=\"twitter:card\" content=\"summary_large_image\" \/>\n<meta name=\"twitter:label1\" content=\"Escrito por\" \/>\n\t<meta name=\"twitter:data1\" content=\"Joshua Evangelista\" \/>\n\t<meta name=\"twitter:label2\" content=\"Est. tempo de leitura\" \/>\n\t<meta name=\"twitter:data2\" content=\"2 minutos\" \/>\n<script type=\"application\/ld+json\" class=\"yoast-schema-graph\">{\"@context\":\"https:\/\/schema.org\",\"@graph\":[{\"@type\":\"Article\",\"@id\":\"https:\/\/patrulheiroevangelista.com.br\/?p=9862#article\",\"isPartOf\":{\"@id\":\"https:\/\/patrulheiroevangelista.com.br\/?p=9862\"},\"author\":{\"name\":\"Joshua Evangelista\",\"@id\":\"https:\/\/patrulheiroevangelista.com.br\/#\/schema\/person\/bcae3dc00fc31286371eb8edc18dfdf4\"},\"headline\":\"V\u00f4lei de praia de Americana realiza seletiva para categorias de base\",\"datePublished\":\"2026-09-02T19:56:59+00:00\",\"dateModified\":\"2026-09-02T19:57:00+00:00\",\"mainEntityOfPage\":{\"@id\":\"https:\/\/patrulheiroevangelista.com.br\/?p=9862\"},\"wordCount\":270,\"publisher\":{\"@id\":\"https:\/\/patrulheiroevangelista.com.br\/#organization\"},\"image\":{\"@id\":\"https:\/\/patrulheiroevangelista.com.br\/?p=9862#primaryimage\"},\"thumbnailUrl\":\"https:\/\/patrulheiroevangelista.com.br\/wp-content\/uploads\/2026\/09\/post-10.jpg\",\"keywords\":[\"Americana\"],\"articleSection\":[\"Esporte\"],\"inLanguage\":\"pt-BR\"},{\"@type\":\"WebPage\",\"@id\":\"https:\/\/patrulheiroevangelista.com.br\/?p=9862\",\"url\":\"https:\/\/patrulheiroevangelista.com.br\/?p=9862\",\"name\":\"V\u00f4lei de praia de Americana realiza seletiva para categorias de base - Patrulheiro Evangelista\",\"isPartOf\":{\"@id\":\"https:\/\/patrulheiroevangelista.com.br\/#website\"},\"primaryImageOfPage\":{\"@id\":\"https:\/\/patrulheiroevangelista.com.br\/?p=9862#primaryimage\"},\"image\":{\"@id\":\"https:\/\/patrulheiroevangelista.com.br\/?p=9862#primaryimage\"},\"thumbnailUrl\":\"https:\/\/patrulheiroevangelista.com.br\/wp-content\/uploads\/2026\/09\/post-10.jpg\",\"datePublished\":\"2026-09-02T19:56:59+00:00\",\"dateModified\":\"2026-09-02T19:57:00+00:00\",\"breadcrumb\":{\"@id\":\"https:\/\/patrulheiroevangelista.com.br\/?p=9862#breadcrumb\"},\"inLanguage\":\"pt-BR\",\"potentialAction\":[{\"@type\":\"ReadAction\",\"target\":[\"https:\/\/patrulheiroevangelista.com.br\/?p=9862\"]}]},{\"@type\":\"ImageObject\",\"inLanguage\":\"pt-BR\",\"@id\":\"https:\/\/patrulheiroevangelista.com.br\/?p=9862#primaryimage\",\"url\":\"https:\/\/patrulheiroevangelista.com.br\/wp-content\/uploads\/2026\/09\/post-10.jpg\",\"contentUrl\":\"https:\/\/patrulheiroevangelista.com.br\/wp-content\/uploads\/2026\/09\/post-10.jpg\",\"width\":1600,\"height\":1023,\"caption\":\"Foto: Divulga\u00e7\u00e3o\"},{\"@type\":\"BreadcrumbList\",\"@id\":\"https:\/\/patrulheiroevangelista.com.br\/?p=9862#breadcrumb\",\"itemListElement\":[{\"@type\":\"ListItem\",\"position\":1,\"name\":\"In\u00edcio\",\"item\":\"https:\/\/patrulheiroevangelista.com.br\/\"},{\"@type\":\"ListItem\",\"position\":2,\"name\":\"V\u00f4lei de praia de Americana realiza seletiva para categorias de base\"}]},{\"@type\":\"WebSite\",\"@id\":\"https:\/\/patrulheiroevangelista.com.br\/#website\",\"url\":\"https:\/\/patrulheiroevangelista.com.br\/\",\"name\":\"Patrulheiro Evangelista\",\"description\":\"\",\"publisher\":{\"@id\":\"https:\/\/patrulheiroevangelista.com.br\/#organization\"},\"potentialAction\":[{\"@type\":\"SearchAction\",\"target\":{\"@type\":\"EntryPoint\",\"urlTemplate\":\"https:\/\/patrulheiroevangelista.com.br\/?s={search_term_string}\"},\"query-input\":{\"@type\":\"PropertyValueSpecification\",\"valueRequired\":true,\"valueName\":\"search_term_string\"}}],\"inLanguage\":\"pt-BR\"},{\"@type\":\"Organization\",\"@id\":\"https:\/\/patrulheiroevangelista.com.br\/#organization\",\"name\":\"Patrulheiro Evangelista\",\"url\":\"https:\/\/patrulheiroevangelista.com.br\/\",\"logo\":{\"@type\":\"ImageObject\",\"inLanguage\":\"pt-BR\",\"@id\":\"https:\/\/patrulheiroevangelista.com.br\/#\/schema\/logo\/image\/\",\"url\":\"https:\/\/patrulheiroevangelista.com.br\/wp-content\/uploads\/2022\/09\/cropped-cropped-1-300x169-1-1.png\",\"contentUrl\":\"https:\/\/patrulheiroevangelista.com.br\/wp-content\/uploads\/2022\/09\/cropped-cropped-1-300x169-1-1.png\",\"width\":183,\"height\":103,\"caption\":\"Patrulheiro Evangelista\"},\"image\":{\"@id\":\"https:\/\/patrulheiroevangelista.com.br\/#\/schema\/logo\/image\/\"},\"sameAs\":[\"https:\/\/www.facebook.com\/patrulheiroevangelista\",\"https:\/\/www.instagram.com\/patrulheiro.evangelista\/\"]},{\"@type\":\"Person\",\"@id\":\"https:\/\/patrulheiroevangelista.com.br\/#\/schema\/person\/bcae3dc00fc31286371eb8edc18dfdf4\",\"name\":\"Joshua Evangelista\",\"image\":{\"@type\":\"ImageObject\",\"inLanguage\":\"pt-BR\",\"@id\":\"https:\/\/patrulheiroevangelista.com.br\/#\/schema\/person\/image\/\",\"url\":\"https:\/\/secure.gravatar.com\/avatar\/d27d2f402c0fd218173b28d470bdb67b?s=96&r=g\",\"contentUrl\":\"https:\/\/secure.gravatar.com\/avatar\/d27d2f402c0fd218173b28d470bdb67b?s=96&r=g\",\"caption\":\"Joshua Evangelista\"},\"description\":\"Comunic\u00f3logo, jornalista e cofundador do site desde outubro de 2019.\",\"sameAs\":[\"https:\/\/patrulheiro-evangelista-wordpress-904373-145-223-29-15.traefik.me\"],\"url\":\"https:\/\/patrulheiroevangelista.com.br\/?author=1\"}]}<\/script>\n<!-- \/ Yoast SEO plugin. -->","yoast_head_json":{"title":"V\u00f4lei de praia de Americana realiza seletiva para categorias de base - Patrulheiro Evangelista","robots":{"index":"index","follow":"follow","max-snippet":"max-snippet:-1","max-image-preview":"max-image-preview:large","max-video-preview":"max-video-preview:-1"},"canonical":"https:\/\/patrulheiroevangelista.com.br\/?p=9862","og_locale":"pt_BR","og_type":"article","og_title":"V\u00f4lei de praia de Americana realiza seletiva para categorias de base - Patrulheiro Evangelista","og_description":"A Secretaria de Esportes da Prefeitura de Americana, em parceria com a equipe Malagutti Sports, est\u00e1 com inscri\u00e7\u00f5es abertas para a seletiva de atletas de v\u00f4lei de praia. O objetivo da peneira \u00e9 captar jovens talentos para formar as duplas das equipes masculina e feminina nas categorias sub-15, sub-17 e sub-19, visando a representa\u00e7\u00e3o do [&hellip;]","og_url":"https:\/\/patrulheiroevangelista.com.br\/?p=9862","og_site_name":"Patrulheiro Evangelista","article_publisher":"https:\/\/www.facebook.com\/patrulheiroevangelista","article_published_time":"2026-09-02T19:56:59+00:00","article_modified_time":"2026-09-02T19:57:00+00:00","og_image":[{"width":1600,"height":1023,"url":"https:\/\/patrulheiroevangelista.com.br\/wp-content\/uploads\/2026\/09\/post-10.jpg","type":"image\/jpeg"}],"author":"Joshua Evangelista","twitter_card":"summary_large_image","twitter_misc":{"Escrito por":"Joshua Evangelista","Est. tempo de leitura":"2 minutos"},"schema":{"@context":"https:\/\/schema.org","@graph":[{"@type":"Article","@id":"https:\/\/patrulheiroevangelista.com.br\/?p=9862#article","isPartOf":{"@id":"https:\/\/patrulheiroevangelista.com.br\/?p=9862"},"author":{"name":"Joshua Evangelista","@id":"https:\/\/patrulheiroevangelista.com.br\/#\/schema\/person\/bcae3dc00fc31286371eb8edc18dfdf4"},"headline":"V\u00f4lei de praia de Americana realiza seletiva para categorias de base","datePublished":"2026-09-02T19:56:59+00:00","dateModified":"2026-09-02T19:57:00+00:00","mainEntityOfPage":{"@id":"https:\/\/patrulheiroevangelista.com.br\/?p=9862"},"wordCount":270,"publisher":{"@id":"https:\/\/patrulheiroevangelista.com.br\/#organization"},"image":{"@id":"https:\/\/patrulheiroevangelista.com.br\/?p=9862#primaryimage"},"thumbnailUrl":"https:\/\/patrulheiroevangelista.com.br\/wp-content\/uploads\/2026\/09\/post-10.jpg","keywords":["Americana"],"articleSection":["Esporte"],"inLanguage":"pt-BR"},{"@type":"WebPage","@id":"https:\/\/patrulheiroevangelista.com.br\/?p=9862","url":"https:\/\/patrulheiroevangelista.com.br\/?p=9862","name":"V\u00f4lei de praia de Americana realiza seletiva para categorias de base - Patrulheiro Evangelista","isPartOf":{"@id":"https:\/\/patrulheiroevangelista.com.br\/#website"},"primaryImageOfPage":{"@id":"https:\/\/patrulheiroevangelista.com.br\/?p=9862#primaryimage"},"image":{"@id":"https:\/\/patrulheiroevangelista.com.br\/?p=9862#primaryimage"},"thumbnailUrl":"https:\/\/patrulheiroevangelista.com.br\/wp-content\/uploads\/2026\/09\/post-10.jpg","datePublished":"2026-09-02T19:56:59+00:00","dateModified":"2026-09-02T19:57:00+00:00","breadcrumb":{"@id":"https:\/\/patrulheiroevangelista.com.br\/?p=9862#breadcrumb"},"inLanguage":"pt-BR","potentialAction":[{"@type":"ReadAction","target":["https:\/\/patrulheiroevangelista.com.br\/?p=9862"]}]},{"@type":"ImageObject","inLanguage":"pt-BR","@id":"https:\/\/patrulheiroevangelista.com.br\/?p=9862#primaryimage","url":"https:\/\/patrulheiroevangelista.com.br\/wp-content\/uploads\/2026\/09\/post-10.jpg","contentUrl":"https:\/\/patrulheiroevangelista.com.br\/wp-content\/uploads\/2026\/09\/post-10.jpg","width":1600,"height":1023,"caption":"Foto: Divulga\u00e7\u00e3o"},{"@type":"BreadcrumbList","@id":"https:\/\/patrulheiroevangelista.com.br\/?p=9862#breadcrumb","itemListElement":[{"@type":"ListItem","position":1,"name":"In\u00edcio","item":"https:\/\/patrulheiroevangelista.com.br\/"},{"@type":"ListItem","position":2,"name":"V\u00f4lei de praia de Americana realiza seletiva para categorias de base"}]},{"@type":"WebSite","@id":"https:\/\/patrulheiroevangelista.com.br\/#website","url":"https:\/\/patrulheiroevangelista.com.br\/","name":"Patrulheiro Evangelista","description":"","publisher":{"@id":"https:\/\/patrulheiroevangelista.com.br\/#organization"},"potentialAction":[{"@type":"SearchAction","target":{"@type":"EntryPoint","urlTemplate":"https:\/\/patrulheiroevangelista.com.br\/?s={search_term_string}"},"query-input":{"@type":"PropertyValueSpecification","valueRequired":true,"valueName":"search_term_string"}}],"inLanguage":"pt-BR"},{"@type":"Organization","@id":"https:\/\/patrulheiroevangelista.com.br\/#organization","name":"Patrulheiro Evangelista","url":"https:\/\/patrulheiroevangelista.com.br\/","logo":{"@type":"ImageObject","inLanguage":"pt-BR","@id":"https:\/\/patrulheiroevangelista.com.br\/#\/schema\/logo\/image\/","url":"https:\/\/patrulheiroevangelista.com.br\/wp-content\/uploads\/2022\/09\/cropped-cropped-1-300x169-1-1.png","contentUrl":"https:\/\/patrulheiroevangelista.com.br\/wp-content\/uploads\/2022\/09\/cropped-cropped-1-300x169-1-1.png","width":183,"height":103,"caption":"Patrulheiro Evangelista"},"image":{"@id":"https:\/\/patrulheiroevangelista.com.br\/#\/schema\/logo\/image\/"},"sameAs":["https:\/\/www.facebook.com\/patrulheiroevangelista","https:\/\/www.instagram.com\/patrulheiro.evangelista\/"]},{"@type":"Person","@id":"https:\/\/patrulheiroevangelista.com.br\/#\/schema\/person\/bcae3dc00fc31286371eb8edc18dfdf4","name":"Joshua Evangelista","image":{"@type":"ImageObject","inLanguage":"pt-BR","@id":"https:\/\/patrulheiroevangelista.com.br\/#\/schema\/person\/image\/","url":"https:\/\/secure.gravatar.com\/avatar\/d27d2f402c0fd218173b28d470bdb67b?s=96&r=g","contentUrl":"https:\/\/secure.gravatar.com\/avatar\/d27d2f402c0fd218173b28d470bdb67b?s=96&r=g","caption":"Joshua Evangelista"},"description":"Comunic\u00f3logo, jornalista e cofundador do site desde outubro de 2019.","sameAs":["https:\/\/patrulheiro-evangelista-wordpress-904373-145-223-29-15.traefik.me"],"url":"https:\/\/patrulheiroevangelista.com.br\/?author=1"}]}},"_links":{"self":[{"href":"https:\/\/patrulheiroevangelista.com.br\/index.php?rest_route=\/wp\/v2\/posts\/9862","targetHints":{"allow":["GET"]}}],"collection":[{"href":"https:\/\/patrulheiroevangelista.com.br\/index.php?rest_route=\/wp\/v2\/posts"}],"about":[{"href":"https:\/\/patrulheiroevangelista.com.br\/index.php?rest_route=\/wp\/v2\/types\/post"}],"author":[{"embeddable":true,"href":"https:\/\/patrulheiroevangelista.com.br\/index.php?rest_route=\/wp\/v2\/users\/1"}],"replies":[{"embeddable":true,"href":"https:\/\/patrulheiroevangelista.com.br\/index.php?rest_route=%2Fwp%2Fv2%2Fcomments&post=9862"}],"version-history":[{"count":1,"href":"https:\/\/patrulheiroevangelista.com.br\/index.php?rest_route=\/wp\/v2\/posts\/9862\/revisions"}],"predecessor-version":[{"id":9864,"href":"https:\/\/patrulheiroevangelista.com.br\/index.php?rest_route=\/wp\/v2\/posts\/9862\/revisions\/9864"}],"wp:featuredmedia":[{"embeddable":true,"href":"https:\/\/patrulheiroevangelista.com.br\/index.php?rest_route=\/wp\/v2\/media\/9863"}],"wp:attachment":[{"href":"https:\/\/patrulheiroevangelista.com.br\/index.php?rest_route=%2Fwp%2Fv2%2Fmedia&parent=9862"}],"wp:term":[{"taxonomy":"category","embeddable":true,"href":"https:\/\/patrulheiroevangelista.com.br\/index.php?rest_route=%2Fwp%2Fv2%2Fcategories&post=9862"},{"taxonomy":"post_tag","embeddable":true,"href":"https:\/\/patrulheiroevangelista.com.br\/index.php?rest_route=%2Fwp%2Fv2%2Ftags&post=9862"}],"curies":[{"name":"wp","href":"https:\/\/api.w.org\/{rel}","templated":true}]}}