{"id":9858,"date":"2026-09-01T16:27:54","date_gmt":"2026-09-01T19:27:54","guid":{"rendered":"https:\/\/patrulheiroevangelista.com.br\/?p=9858"},"modified":"2026-09-01T16:27:55","modified_gmt":"2026-09-01T19:27:55","slug":"apos-agredir-companheira-e-sua-filha-homem-acaba-esfaqueado-seis-vezes-em-americana","status":"publish","type":"post","link":"https:\/\/patrulheiroevangelista.com.br\/?p=9858","title":{"rendered":"Ap\u00f3s agredir companheira e sua filha, homem acaba esfaqueado seis vezes em Americana"},"content":{"rendered":"\n<p>Um grave caso de viol\u00eancia dom\u00e9stica com tentativa de homic\u00eddio foi registrado pela Pol\u00edcia Militar (PM) na noite desta segunda-feira (31), na Rua Agenor Faion, em Americana (SP). Um homem foi socorrido em estado grave ap\u00f3s ser atingido por seis golpes de faca pela companheira, que alegou ter agido em leg\u00edtima defesa para proteger a si e \u00e0 filha adolescente. Ambos acabaram presos em flagrante.<\/p>\n\n\n\n<p>A ocorr\u00eancia teve in\u00edcio por volta das 22h35, quando uma equipe foi acionada para averiguar um desentendimento familiar na Vila Bertini.<\/p>\n\n\n\n<p>Ao chegarem \u00e0 resid\u00eancia, os policiais encontraram a mulher com ferimentos corporais decorrentes das agress\u00f5es e localizaram uma faca com manchas de sangue.<\/p>\n\n\n\n<p>De acordo com os relatos obtidos no local, o casal iniciou uma discuss\u00e3o na qual o homem passou a agredir a companheira com socos e empurr\u00f5es. A filha adolescente do casal tentou intervir para defender a m\u00e3e, mas tamb\u00e9m foi agredida pelo indiv\u00edduo.<\/p>\n\n\n\n<p>Diante da continuidade da viol\u00eancia, a mulher se apossou de uma faca e golpeou o companheiro, alegando que tomou a atitude para cessar as agress\u00f5es e se defender.<\/p>\n\n\n\n<p>O homem foi localizado no interior do im\u00f3vel apresentando seis perfura\u00e7\u00f5es pelo corpo, quatro nas costas e duas nos bra\u00e7os. Ele foi socorrido em estado grave por uma equipe do Servi\u00e7o de Atendimento M\u00f3vel de Urg\u00eancia (SAMU) e encaminhado a uma unidade hospitalar, onde permaneceu internado sob escolta policial. A mulher recebeu atendimento m\u00e9dico para tratar as escoria\u00e7\u00f5es e foi liberada.<\/p>\n\n\n\n<p>Ap\u00f3s os trabalhos da per\u00edcia t\u00e9cnica no local da ocorr\u00eancia, o caso foi apresentado na Central de Pol\u00edcia Judici\u00e1ria (CPJ) de Americana. A autoridade policial de plant\u00e3o ratificou a pris\u00e3o em flagrante de ambos os envolvidos, sendo o homem por les\u00e3o corporal e a mulher por tentativa de homic\u00eddio e les\u00e3o corporal.<\/p>\n\n\n\n<figure class=\"wp-block-image size-full\"><img loading=\"lazy\" decoding=\"async\" width=\"970\" height=\"250\" src=\"https:\/\/patrulheiroevangelista.com.br\/wp-content\/uploads\/2026\/07\/anuncie-aqui.png\" alt=\"\" class=\"wp-image-9759\" srcset=\"https:\/\/patrulheiroevangelista.com.br\/wp-content\/uploads\/2026\/07\/anuncie-aqui.png 970w, https:\/\/patrulheiroevangelista.com.br\/wp-content\/uploads\/2026\/07\/anuncie-aqui-300x77.png 300w, https:\/\/patrulheiroevangelista.com.br\/wp-content\/uploads\/2026\/07\/anuncie-aqui-768x198.png 768w\" sizes=\"auto, (max-width: 970px) 100vw, 970px\" \/><\/figure>\n","protected":false},"excerpt":{"rendered":"<p>Um grave caso de viol\u00eancia dom\u00e9stica com tentativa de homic\u00eddio foi registrado pela Pol\u00edcia Militar (PM) na noite desta segunda-feira (31), na Rua Agenor Faion, em Americana (SP). Um homem foi socorrido em estado grave ap\u00f3s ser atingido por seis golpes de faca pela companheira, que alegou ter agido em leg\u00edtima defesa para proteger a [&hellip;]<\/p>\n","protected":false},"author":1,"featured_media":9859,"comment_status":"closed","ping_status":"open","sticky":false,"template":"","format":"standard","meta":{"footnotes":""},"categories":[5],"tags":[103],"class_list":["post-9858","post","type-post","status-publish","format-standard","has-post-thumbnail","hentry","category-policia","tag-violencia-domestica"],"yoast_head":"<!-- This site is optimized with the Yoast SEO plugin v26.8 - https:\/\/yoast.com\/product\/yoast-seo-wordpress\/ -->\n<title>Ap\u00f3s agredir companheira e sua filha, homem acaba esfaqueado seis vezes em Americana - Patrulheiro Evangelista<\/title>\n<meta name=\"robots\" content=\"index, follow, max-snippet:-1, max-image-preview:large, max-video-preview:-1\" \/>\n<link rel=\"canonical\" href=\"https:\/\/patrulheiroevangelista.com.br\/?p=9858\" \/>\n<meta property=\"og:locale\" content=\"pt_BR\" \/>\n<meta property=\"og:type\" content=\"article\" \/>\n<meta property=\"og:title\" content=\"Ap\u00f3s agredir companheira e sua filha, homem acaba esfaqueado seis vezes em Americana - Patrulheiro Evangelista\" \/>\n<meta property=\"og:description\" content=\"Um grave caso de viol\u00eancia dom\u00e9stica com tentativa de homic\u00eddio foi registrado pela Pol\u00edcia Militar (PM) na noite desta segunda-feira (31), na Rua Agenor Faion, em Americana (SP). Um homem foi socorrido em estado grave ap\u00f3s ser atingido por seis golpes de faca pela companheira, que alegou ter agido em leg\u00edtima defesa para proteger a [&hellip;]\" \/>\n<meta property=\"og:url\" content=\"https:\/\/patrulheiroevangelista.com.br\/?p=9858\" \/>\n<meta property=\"og:site_name\" content=\"Patrulheiro Evangelista\" \/>\n<meta property=\"article:publisher\" content=\"https:\/\/www.facebook.com\/patrulheiroevangelista\" \/>\n<meta property=\"article:published_time\" content=\"2026-09-01T19:27:54+00:00\" \/>\n<meta property=\"article:modified_time\" content=\"2026-09-01T19:27:55+00:00\" \/>\n<meta property=\"og:image\" content=\"https:\/\/patrulheiroevangelista.com.br\/wp-content\/uploads\/2026\/09\/WhatsApp-Image-2026-09-01-at-09.37.07-rotated.jpeg\" \/>\n\t<meta property=\"og:image:width\" content=\"720\" \/>\n\t<meta property=\"og:image:height\" content=\"223\" \/>\n\t<meta property=\"og:image:type\" content=\"image\/jpeg\" \/>\n<meta name=\"author\" content=\"Joshua Evangelista\" \/>\n<meta name=\"twitter:card\" content=\"summary_large_image\" \/>\n<meta name=\"twitter:label1\" content=\"Escrito por\" \/>\n\t<meta name=\"twitter:data1\" content=\"Joshua Evangelista\" \/>\n\t<meta name=\"twitter:label2\" content=\"Est. tempo de leitura\" \/>\n\t<meta name=\"twitter:data2\" content=\"3 minutos\" \/>\n<script type=\"application\/ld+json\" class=\"yoast-schema-graph\">{\"@context\":\"https:\/\/schema.org\",\"@graph\":[{\"@type\":\"Article\",\"@id\":\"https:\/\/patrulheiroevangelista.com.br\/?p=9858#article\",\"isPartOf\":{\"@id\":\"https:\/\/patrulheiroevangelista.com.br\/?p=9858\"},\"author\":{\"name\":\"Joshua Evangelista\",\"@id\":\"https:\/\/patrulheiroevangelista.com.br\/#\/schema\/person\/bcae3dc00fc31286371eb8edc18dfdf4\"},\"headline\":\"Ap\u00f3s agredir companheira e sua filha, homem acaba esfaqueado seis vezes em Americana\",\"datePublished\":\"2026-09-01T19:27:54+00:00\",\"dateModified\":\"2026-09-01T19:27:55+00:00\",\"mainEntityOfPage\":{\"@id\":\"https:\/\/patrulheiroevangelista.com.br\/?p=9858\"},\"wordCount\":340,\"publisher\":{\"@id\":\"https:\/\/patrulheiroevangelista.com.br\/#organization\"},\"image\":{\"@id\":\"https:\/\/patrulheiroevangelista.com.br\/?p=9858#primaryimage\"},\"thumbnailUrl\":\"https:\/\/patrulheiroevangelista.com.br\/wp-content\/uploads\/2026\/09\/WhatsApp-Image-2026-09-01-at-09.37.07-rotated.jpeg\",\"keywords\":[\"Viol\u00eancia Dom\u00e9stica\"],\"articleSection\":[\"Pol\u00edcia\"],\"inLanguage\":\"pt-BR\"},{\"@type\":\"WebPage\",\"@id\":\"https:\/\/patrulheiroevangelista.com.br\/?p=9858\",\"url\":\"https:\/\/patrulheiroevangelista.com.br\/?p=9858\",\"name\":\"Ap\u00f3s agredir companheira e sua filha, homem acaba esfaqueado seis vezes em Americana - Patrulheiro Evangelista\",\"isPartOf\":{\"@id\":\"https:\/\/patrulheiroevangelista.com.br\/#website\"},\"primaryImageOfPage\":{\"@id\":\"https:\/\/patrulheiroevangelista.com.br\/?p=9858#primaryimage\"},\"image\":{\"@id\":\"https:\/\/patrulheiroevangelista.com.br\/?p=9858#primaryimage\"},\"thumbnailUrl\":\"https:\/\/patrulheiroevangelista.com.br\/wp-content\/uploads\/2026\/09\/WhatsApp-Image-2026-09-01-at-09.37.07-rotated.jpeg\",\"datePublished\":\"2026-09-01T19:27:54+00:00\",\"dateModified\":\"2026-09-01T19:27:55+00:00\",\"breadcrumb\":{\"@id\":\"https:\/\/patrulheiroevangelista.com.br\/?p=9858#breadcrumb\"},\"inLanguage\":\"pt-BR\",\"potentialAction\":[{\"@type\":\"ReadAction\",\"target\":[\"https:\/\/patrulheiroevangelista.com.br\/?p=9858\"]}]},{\"@type\":\"ImageObject\",\"inLanguage\":\"pt-BR\",\"@id\":\"https:\/\/patrulheiroevangelista.com.br\/?p=9858#primaryimage\",\"url\":\"https:\/\/patrulheiroevangelista.com.br\/wp-content\/uploads\/2026\/09\/WhatsApp-Image-2026-09-01-at-09.37.07-rotated.jpeg\",\"contentUrl\":\"https:\/\/patrulheiroevangelista.com.br\/wp-content\/uploads\/2026\/09\/WhatsApp-Image-2026-09-01-at-09.37.07-rotated.jpeg\",\"width\":720,\"height\":223,\"caption\":\"Foto: Divulga\u00e7\u00e3o\/PMESP\"},{\"@type\":\"BreadcrumbList\",\"@id\":\"https:\/\/patrulheiroevangelista.com.br\/?p=9858#breadcrumb\",\"itemListElement\":[{\"@type\":\"ListItem\",\"position\":1,\"name\":\"In\u00edcio\",\"item\":\"https:\/\/patrulheiroevangelista.com.br\/\"},{\"@type\":\"ListItem\",\"position\":2,\"name\":\"Ap\u00f3s agredir companheira e sua filha, homem acaba esfaqueado seis vezes em Americana\"}]},{\"@type\":\"WebSite\",\"@id\":\"https:\/\/patrulheiroevangelista.com.br\/#website\",\"url\":\"https:\/\/patrulheiroevangelista.com.br\/\",\"name\":\"Patrulheiro Evangelista\",\"description\":\"\",\"publisher\":{\"@id\":\"https:\/\/patrulheiroevangelista.com.br\/#organization\"},\"potentialAction\":[{\"@type\":\"SearchAction\",\"target\":{\"@type\":\"EntryPoint\",\"urlTemplate\":\"https:\/\/patrulheiroevangelista.com.br\/?s={search_term_string}\"},\"query-input\":{\"@type\":\"PropertyValueSpecification\",\"valueRequired\":true,\"valueName\":\"search_term_string\"}}],\"inLanguage\":\"pt-BR\"},{\"@type\":\"Organization\",\"@id\":\"https:\/\/patrulheiroevangelista.com.br\/#organization\",\"name\":\"Patrulheiro Evangelista\",\"url\":\"https:\/\/patrulheiroevangelista.com.br\/\",\"logo\":{\"@type\":\"ImageObject\",\"inLanguage\":\"pt-BR\",\"@id\":\"https:\/\/patrulheiroevangelista.com.br\/#\/schema\/logo\/image\/\",\"url\":\"https:\/\/patrulheiroevangelista.com.br\/wp-content\/uploads\/2022\/09\/cropped-cropped-1-300x169-1-1.png\",\"contentUrl\":\"https:\/\/patrulheiroevangelista.com.br\/wp-content\/uploads\/2022\/09\/cropped-cropped-1-300x169-1-1.png\",\"width\":183,\"height\":103,\"caption\":\"Patrulheiro Evangelista\"},\"image\":{\"@id\":\"https:\/\/patrulheiroevangelista.com.br\/#\/schema\/logo\/image\/\"},\"sameAs\":[\"https:\/\/www.facebook.com\/patrulheiroevangelista\",\"https:\/\/www.instagram.com\/patrulheiro.evangelista\/\"]},{\"@type\":\"Person\",\"@id\":\"https:\/\/patrulheiroevangelista.com.br\/#\/schema\/person\/bcae3dc00fc31286371eb8edc18dfdf4\",\"name\":\"Joshua Evangelista\",\"image\":{\"@type\":\"ImageObject\",\"inLanguage\":\"pt-BR\",\"@id\":\"https:\/\/patrulheiroevangelista.com.br\/#\/schema\/person\/image\/\",\"url\":\"https:\/\/secure.gravatar.com\/avatar\/d27d2f402c0fd218173b28d470bdb67b?s=96&r=g\",\"contentUrl\":\"https:\/\/secure.gravatar.com\/avatar\/d27d2f402c0fd218173b28d470bdb67b?s=96&r=g\",\"caption\":\"Joshua Evangelista\"},\"description\":\"Comunic\u00f3logo, jornalista e cofundador do site desde outubro de 2019.\",\"sameAs\":[\"https:\/\/patrulheiro-evangelista-wordpress-904373-145-223-29-15.traefik.me\"],\"url\":\"https:\/\/patrulheiroevangelista.com.br\/?author=1\"}]}<\/script>\n<!-- \/ Yoast SEO plugin. -->","yoast_head_json":{"title":"Ap\u00f3s agredir companheira e sua filha, homem acaba esfaqueado seis vezes em Americana - Patrulheiro Evangelista","robots":{"index":"index","follow":"follow","max-snippet":"max-snippet:-1","max-image-preview":"max-image-preview:large","max-video-preview":"max-video-preview:-1"},"canonical":"https:\/\/patrulheiroevangelista.com.br\/?p=9858","og_locale":"pt_BR","og_type":"article","og_title":"Ap\u00f3s agredir companheira e sua filha, homem acaba esfaqueado seis vezes em Americana - Patrulheiro Evangelista","og_description":"Um grave caso de viol\u00eancia dom\u00e9stica com tentativa de homic\u00eddio foi registrado pela Pol\u00edcia Militar (PM) na noite desta segunda-feira (31), na Rua Agenor Faion, em Americana (SP). Um homem foi socorrido em estado grave ap\u00f3s ser atingido por seis golpes de faca pela companheira, que alegou ter agido em leg\u00edtima defesa para proteger a [&hellip;]","og_url":"https:\/\/patrulheiroevangelista.com.br\/?p=9858","og_site_name":"Patrulheiro Evangelista","article_publisher":"https:\/\/www.facebook.com\/patrulheiroevangelista","article_published_time":"2026-09-01T19:27:54+00:00","article_modified_time":"2026-09-01T19:27:55+00:00","og_image":[{"width":720,"height":223,"url":"https:\/\/patrulheiroevangelista.com.br\/wp-content\/uploads\/2026\/09\/WhatsApp-Image-2026-09-01-at-09.37.07-rotated.jpeg","type":"image\/jpeg"}],"author":"Joshua Evangelista","twitter_card":"summary_large_image","twitter_misc":{"Escrito por":"Joshua Evangelista","Est. tempo de leitura":"3 minutos"},"schema":{"@context":"https:\/\/schema.org","@graph":[{"@type":"Article","@id":"https:\/\/patrulheiroevangelista.com.br\/?p=9858#article","isPartOf":{"@id":"https:\/\/patrulheiroevangelista.com.br\/?p=9858"},"author":{"name":"Joshua Evangelista","@id":"https:\/\/patrulheiroevangelista.com.br\/#\/schema\/person\/bcae3dc00fc31286371eb8edc18dfdf4"},"headline":"Ap\u00f3s agredir companheira e sua filha, homem acaba esfaqueado seis vezes em Americana","datePublished":"2026-09-01T19:27:54+00:00","dateModified":"2026-09-01T19:27:55+00:00","mainEntityOfPage":{"@id":"https:\/\/patrulheiroevangelista.com.br\/?p=9858"},"wordCount":340,"publisher":{"@id":"https:\/\/patrulheiroevangelista.com.br\/#organization"},"image":{"@id":"https:\/\/patrulheiroevangelista.com.br\/?p=9858#primaryimage"},"thumbnailUrl":"https:\/\/patrulheiroevangelista.com.br\/wp-content\/uploads\/2026\/09\/WhatsApp-Image-2026-09-01-at-09.37.07-rotated.jpeg","keywords":["Viol\u00eancia Dom\u00e9stica"],"articleSection":["Pol\u00edcia"],"inLanguage":"pt-BR"},{"@type":"WebPage","@id":"https:\/\/patrulheiroevangelista.com.br\/?p=9858","url":"https:\/\/patrulheiroevangelista.com.br\/?p=9858","name":"Ap\u00f3s agredir companheira e sua filha, homem acaba esfaqueado seis vezes em Americana - Patrulheiro Evangelista","isPartOf":{"@id":"https:\/\/patrulheiroevangelista.com.br\/#website"},"primaryImageOfPage":{"@id":"https:\/\/patrulheiroevangelista.com.br\/?p=9858#primaryimage"},"image":{"@id":"https:\/\/patrulheiroevangelista.com.br\/?p=9858#primaryimage"},"thumbnailUrl":"https:\/\/patrulheiroevangelista.com.br\/wp-content\/uploads\/2026\/09\/WhatsApp-Image-2026-09-01-at-09.37.07-rotated.jpeg","datePublished":"2026-09-01T19:27:54+00:00","dateModified":"2026-09-01T19:27:55+00:00","breadcrumb":{"@id":"https:\/\/patrulheiroevangelista.com.br\/?p=9858#breadcrumb"},"inLanguage":"pt-BR","potentialAction":[{"@type":"ReadAction","target":["https:\/\/patrulheiroevangelista.com.br\/?p=9858"]}]},{"@type":"ImageObject","inLanguage":"pt-BR","@id":"https:\/\/patrulheiroevangelista.com.br\/?p=9858#primaryimage","url":"https:\/\/patrulheiroevangelista.com.br\/wp-content\/uploads\/2026\/09\/WhatsApp-Image-2026-09-01-at-09.37.07-rotated.jpeg","contentUrl":"https:\/\/patrulheiroevangelista.com.br\/wp-content\/uploads\/2026\/09\/WhatsApp-Image-2026-09-01-at-09.37.07-rotated.jpeg","width":720,"height":223,"caption":"Foto: Divulga\u00e7\u00e3o\/PMESP"},{"@type":"BreadcrumbList","@id":"https:\/\/patrulheiroevangelista.com.br\/?p=9858#breadcrumb","itemListElement":[{"@type":"ListItem","position":1,"name":"In\u00edcio","item":"https:\/\/patrulheiroevangelista.com.br\/"},{"@type":"ListItem","position":2,"name":"Ap\u00f3s agredir companheira e sua filha, homem acaba esfaqueado seis vezes em Americana"}]},{"@type":"WebSite","@id":"https:\/\/patrulheiroevangelista.com.br\/#website","url":"https:\/\/patrulheiroevangelista.com.br\/","name":"Patrulheiro Evangelista","description":"","publisher":{"@id":"https:\/\/patrulheiroevangelista.com.br\/#organization"},"potentialAction":[{"@type":"SearchAction","target":{"@type":"EntryPoint","urlTemplate":"https:\/\/patrulheiroevangelista.com.br\/?s={search_term_string}"},"query-input":{"@type":"PropertyValueSpecification","valueRequired":true,"valueName":"search_term_string"}}],"inLanguage":"pt-BR"},{"@type":"Organization","@id":"https:\/\/patrulheiroevangelista.com.br\/#organization","name":"Patrulheiro Evangelista","url":"https:\/\/patrulheiroevangelista.com.br\/","logo":{"@type":"ImageObject","inLanguage":"pt-BR","@id":"https:\/\/patrulheiroevangelista.com.br\/#\/schema\/logo\/image\/","url":"https:\/\/patrulheiroevangelista.com.br\/wp-content\/uploads\/2022\/09\/cropped-cropped-1-300x169-1-1.png","contentUrl":"https:\/\/patrulheiroevangelista.com.br\/wp-content\/uploads\/2022\/09\/cropped-cropped-1-300x169-1-1.png","width":183,"height":103,"caption":"Patrulheiro Evangelista"},"image":{"@id":"https:\/\/patrulheiroevangelista.com.br\/#\/schema\/logo\/image\/"},"sameAs":["https:\/\/www.facebook.com\/patrulheiroevangelista","https:\/\/www.instagram.com\/patrulheiro.evangelista\/"]},{"@type":"Person","@id":"https:\/\/patrulheiroevangelista.com.br\/#\/schema\/person\/bcae3dc00fc31286371eb8edc18dfdf4","name":"Joshua Evangelista","image":{"@type":"ImageObject","inLanguage":"pt-BR","@id":"https:\/\/patrulheiroevangelista.com.br\/#\/schema\/person\/image\/","url":"https:\/\/secure.gravatar.com\/avatar\/d27d2f402c0fd218173b28d470bdb67b?s=96&r=g","contentUrl":"https:\/\/secure.gravatar.com\/avatar\/d27d2f402c0fd218173b28d470bdb67b?s=96&r=g","caption":"Joshua Evangelista"},"description":"Comunic\u00f3logo, jornalista e cofundador do site desde outubro de 2019.","sameAs":["https:\/\/patrulheiro-evangelista-wordpress-904373-145-223-29-15.traefik.me"],"url":"https:\/\/patrulheiroevangelista.com.br\/?author=1"}]}},"_links":{"self":[{"href":"https:\/\/patrulheiroevangelista.com.br\/index.php?rest_route=\/wp\/v2\/posts\/9858","targetHints":{"allow":["GET"]}}],"collection":[{"href":"https:\/\/patrulheiroevangelista.com.br\/index.php?rest_route=\/wp\/v2\/posts"}],"about":[{"href":"https:\/\/patrulheiroevangelista.com.br\/index.php?rest_route=\/wp\/v2\/types\/post"}],"author":[{"embeddable":true,"href":"https:\/\/patrulheiroevangelista.com.br\/index.php?rest_route=\/wp\/v2\/users\/1"}],"replies":[{"embeddable":true,"href":"https:\/\/patrulheiroevangelista.com.br\/index.php?rest_route=%2Fwp%2Fv2%2Fcomments&post=9858"}],"version-history":[{"count":2,"href":"https:\/\/patrulheiroevangelista.com.br\/index.php?rest_route=\/wp\/v2\/posts\/9858\/revisions"}],"predecessor-version":[{"id":9861,"href":"https:\/\/patrulheiroevangelista.com.br\/index.php?rest_route=\/wp\/v2\/posts\/9858\/revisions\/9861"}],"wp:featuredmedia":[{"embeddable":true,"href":"https:\/\/patrulheiroevangelista.com.br\/index.php?rest_route=\/wp\/v2\/media\/9859"}],"wp:attachment":[{"href":"https:\/\/patrulheiroevangelista.com.br\/index.php?rest_route=%2Fwp%2Fv2%2Fmedia&parent=9858"}],"wp:term":[{"taxonomy":"category","embeddable":true,"href":"https:\/\/patrulheiroevangelista.com.br\/index.php?rest_route=%2Fwp%2Fv2%2Fcategories&post=9858"},{"taxonomy":"post_tag","embeddable":true,"href":"https:\/\/patrulheiroevangelista.com.br\/index.php?rest_route=%2Fwp%2Fv2%2Ftags&post=9858"}],"curies":[{"name":"wp","href":"https:\/\/api.w.org\/{rel}","templated":true}]}}