{"id":9508,"date":"2026-05-03T10:58:06","date_gmt":"2026-05-03T13:58:06","guid":{"rendered":"https:\/\/patrulheiroevangelista.com.br\/?p=9508"},"modified":"2026-05-03T10:59:27","modified_gmt":"2026-05-03T13:59:27","slug":"parque-ecologico-de-americana-informa-obito-da-onca-pintada-pantanal","status":"publish","type":"post","link":"https:\/\/patrulheiroevangelista.com.br\/?p=9508","title":{"rendered":"Parque Ecol\u00f3gico de Americana informa \u00f3bito da on\u00e7a-pintada Pantanal"},"content":{"rendered":"\n<p>O Parque Ecol\u00f3gico Municipal de Americana informa, com pesar, o \u00f3bito do macho de on\u00e7a-pintada (<em>Panthera onca<\/em>), conhecido como Pantanal, ocorrido neste s\u00e1bado, 2 de maio.<\/p>\n\n\n\n<p>Pantanal tinha 21 anos de idade e estava sob os cuidados do Parque h\u00e1 mais de duas d\u00e9cadas. Nascido em fevereiro de 2005 no Zool\u00f3gico de S\u00e3o Carlos, chegou ao Zool\u00f3gico de Americana em setembro do mesmo ano, onde recebeu acompanhamento cont\u00ednuo da equipe t\u00e9cnica ao longo de toda a sua vida.<\/p>\n\n\n\n<p>Em 2025, o animal passou por procedimento de check-up geral e tratamento dent\u00e1rio. J\u00e1 em fevereiro de 2026, foram observadas altera\u00e7\u00f5es comportamentais, o que motivou a realiza\u00e7\u00e3o de novos exames cl\u00ednicos, que identificaram um quadro de comprometimento renal.<\/p>\n\n\n\n<p>Desde ent\u00e3o, Pantanal vinha sendo submetido a tratamento medicamentoso e monitoramento intensivo pela equipe t\u00e9cnica do Parque. Na \u00faltima semana, houve agravamento do quadro cl\u00ednico, com piora dos par\u00e2metros renais, mesmo ap\u00f3s a ado\u00e7\u00e3o de novas condutas de manejo e suporte veterin\u00e1rio.<\/p>\n\n\n\n<p>Durante o feriado, o animal apresentou breve melhora no comportamento, por\u00e9m voltou a apresentar apatia neste s\u00e1bado, evoluindo a \u00f3bito.<\/p>\n\n\n<div class=\"wp-block-image\">\n<figure class=\"aligncenter size-full is-resized\"><img loading=\"lazy\" decoding=\"async\" width=\"768\" height=\"1024\" src=\"https:\/\/patrulheiroevangelista.com.br\/wp-content\/uploads\/2026\/05\/IMG_8138.jpeg\" alt=\"\" class=\"wp-image-9512\" style=\"width:523px;height:auto\" srcset=\"https:\/\/patrulheiroevangelista.com.br\/wp-content\/uploads\/2026\/05\/IMG_8138.jpeg 768w, https:\/\/patrulheiroevangelista.com.br\/wp-content\/uploads\/2026\/05\/IMG_8138-225x300.jpeg 225w\" sizes=\"auto, (max-width: 768px) 100vw, 768px\" \/><\/figure><\/div>\n\n\n<p>A expectativa de vida de on\u00e7as-pintadas em cativeiro \u00e9 de cerca de 20 anos, especialmente sob cuidados t\u00e9cnicos cont\u00ednuos, como os oferecidos pelo Parque. O hist\u00f3rico cl\u00ednico de Pantanal \u00e9 compat\u00edvel com altera\u00e7\u00f5es degenerativas comuns em animais senis, incluindo comprometimentos renais.<\/p>\n\n\n\n<p>A equipe do Parque Ecol\u00f3gico Municipal de Americana manifesta pesar pela perda e destaca que todos os esfor\u00e7os t\u00e9cnicos e veterin\u00e1rios foram adotados ao longo do acompanhamento do animal.<\/p>\n\n\n\n<p>O Parque informa ainda que, em setembro de 2025, foram registrados outros dois \u00f3bitos de felinos do plantel, tamb\u00e9m associados a condi\u00e7\u00f5es cl\u00ednicas distintas e compat\u00edveis com o hist\u00f3rico individual e faixa et\u00e1ria dos animais, sem evid\u00eancia de correla\u00e7\u00e3o entre os casos.<\/p>\n\n\n\n<p>Atualmente, o recinto destinado \u00e0 esp\u00e9cie passa por reforma e adequa\u00e7\u00f5es. O espa\u00e7o est\u00e1 sendo preparado para receber um novo casal de on\u00e7as-pardas, com previs\u00e3o de chegada ainda neste m\u00eas de maio, como parte das a\u00e7\u00f5es cont\u00ednuas de qualifica\u00e7\u00e3o da estrutura e bem-estar animal.<\/p>\n\n\n<div class=\"wp-block-image\">\n<figure class=\"aligncenter size-full is-resized\"><img loading=\"lazy\" decoding=\"async\" width=\"970\" height=\"250\" src=\"https:\/\/patrulheiroevangelista.com.br\/wp-content\/uploads\/2025\/06\/tatu.png\" alt=\"\" class=\"wp-image-8497\" style=\"width:776px;height:auto\" srcset=\"https:\/\/patrulheiroevangelista.com.br\/wp-content\/uploads\/2025\/06\/tatu.png 970w, https:\/\/patrulheiroevangelista.com.br\/wp-content\/uploads\/2025\/06\/tatu-300x77.png 300w, https:\/\/patrulheiroevangelista.com.br\/wp-content\/uploads\/2025\/06\/tatu-768x198.png 768w\" sizes=\"auto, (max-width: 970px) 100vw, 970px\" \/><\/figure><\/div>","protected":false},"excerpt":{"rendered":"<p>O Parque Ecol\u00f3gico Municipal de Americana informa, com pesar, o \u00f3bito do macho de on\u00e7a-pintada (Panthera onca), conhecido como Pantanal, ocorrido neste s\u00e1bado, 2 de maio. Pantanal tinha 21 anos de idade e estava sob os cuidados do Parque h\u00e1 mais de duas d\u00e9cadas. Nascido em fevereiro de 2005 no Zool\u00f3gico de S\u00e3o Carlos, chegou [&hellip;]<\/p>\n","protected":false},"author":1,"featured_media":9511,"comment_status":"closed","ping_status":"open","sticky":false,"template":"","format":"standard","meta":{"footnotes":""},"categories":[29],"tags":[],"class_list":["post-9508","post","type-post","status-publish","format-standard","has-post-thumbnail","hentry","category-americana"],"yoast_head":"<!-- This site is optimized with the Yoast SEO plugin v26.8 - https:\/\/yoast.com\/product\/yoast-seo-wordpress\/ -->\n<title>Parque Ecol\u00f3gico de Americana informa \u00f3bito da on\u00e7a-pintada Pantanal - Patrulheiro Evangelista<\/title>\n<meta name=\"robots\" content=\"index, follow, max-snippet:-1, max-image-preview:large, max-video-preview:-1\" \/>\n<link rel=\"canonical\" href=\"https:\/\/patrulheiroevangelista.com.br\/?p=9508\" \/>\n<meta property=\"og:locale\" content=\"pt_BR\" \/>\n<meta property=\"og:type\" content=\"article\" \/>\n<meta property=\"og:title\" content=\"Parque Ecol\u00f3gico de Americana informa \u00f3bito da on\u00e7a-pintada Pantanal - Patrulheiro Evangelista\" \/>\n<meta property=\"og:description\" content=\"O Parque Ecol\u00f3gico Municipal de Americana informa, com pesar, o \u00f3bito do macho de on\u00e7a-pintada (Panthera onca), conhecido como Pantanal, ocorrido neste s\u00e1bado, 2 de maio. Pantanal tinha 21 anos de idade e estava sob os cuidados do Parque h\u00e1 mais de duas d\u00e9cadas. Nascido em fevereiro de 2005 no Zool\u00f3gico de S\u00e3o Carlos, chegou [&hellip;]\" \/>\n<meta property=\"og:url\" content=\"https:\/\/patrulheiroevangelista.com.br\/?p=9508\" \/>\n<meta property=\"og:site_name\" content=\"Patrulheiro Evangelista\" \/>\n<meta property=\"article:publisher\" content=\"https:\/\/www.facebook.com\/patrulheiroevangelista\" \/>\n<meta property=\"article:published_time\" content=\"2026-05-03T13:58:06+00:00\" \/>\n<meta property=\"article:modified_time\" content=\"2026-05-03T13:59:27+00:00\" \/>\n<meta property=\"og:image\" content=\"https:\/\/patrulheiroevangelista.com.br\/wp-content\/uploads\/2026\/05\/IMG_8137-scaled.jpeg\" \/>\n\t<meta property=\"og:image:width\" content=\"2560\" \/>\n\t<meta property=\"og:image:height\" content=\"1440\" \/>\n\t<meta property=\"og:image:type\" content=\"image\/jpeg\" \/>\n<meta name=\"author\" content=\"Joshua Evangelista\" \/>\n<meta name=\"twitter:card\" content=\"summary_large_image\" \/>\n<meta name=\"twitter:label1\" content=\"Escrito por\" \/>\n\t<meta name=\"twitter:data1\" content=\"Joshua Evangelista\" \/>\n\t<meta name=\"twitter:label2\" content=\"Est. tempo de leitura\" \/>\n\t<meta name=\"twitter:data2\" content=\"3 minutos\" \/>\n<script type=\"application\/ld+json\" class=\"yoast-schema-graph\">{\"@context\":\"https:\/\/schema.org\",\"@graph\":[{\"@type\":\"Article\",\"@id\":\"https:\/\/patrulheiroevangelista.com.br\/?p=9508#article\",\"isPartOf\":{\"@id\":\"https:\/\/patrulheiroevangelista.com.br\/?p=9508\"},\"author\":{\"name\":\"Joshua Evangelista\",\"@id\":\"https:\/\/patrulheiroevangelista.com.br\/#\/schema\/person\/bcae3dc00fc31286371eb8edc18dfdf4\"},\"headline\":\"Parque Ecol\u00f3gico de Americana informa \u00f3bito da on\u00e7a-pintada Pantanal\",\"datePublished\":\"2026-05-03T13:58:06+00:00\",\"dateModified\":\"2026-05-03T13:59:27+00:00\",\"mainEntityOfPage\":{\"@id\":\"https:\/\/patrulheiroevangelista.com.br\/?p=9508\"},\"wordCount\":385,\"publisher\":{\"@id\":\"https:\/\/patrulheiroevangelista.com.br\/#organization\"},\"image\":{\"@id\":\"https:\/\/patrulheiroevangelista.com.br\/?p=9508#primaryimage\"},\"thumbnailUrl\":\"https:\/\/patrulheiroevangelista.com.br\/wp-content\/uploads\/2026\/05\/IMG_8137-scaled.jpeg\",\"articleSection\":[\"Americana\"],\"inLanguage\":\"pt-BR\"},{\"@type\":\"WebPage\",\"@id\":\"https:\/\/patrulheiroevangelista.com.br\/?p=9508\",\"url\":\"https:\/\/patrulheiroevangelista.com.br\/?p=9508\",\"name\":\"Parque Ecol\u00f3gico de Americana informa \u00f3bito da on\u00e7a-pintada Pantanal - Patrulheiro Evangelista\",\"isPartOf\":{\"@id\":\"https:\/\/patrulheiroevangelista.com.br\/#website\"},\"primaryImageOfPage\":{\"@id\":\"https:\/\/patrulheiroevangelista.com.br\/?p=9508#primaryimage\"},\"image\":{\"@id\":\"https:\/\/patrulheiroevangelista.com.br\/?p=9508#primaryimage\"},\"thumbnailUrl\":\"https:\/\/patrulheiroevangelista.com.br\/wp-content\/uploads\/2026\/05\/IMG_8137-scaled.jpeg\",\"datePublished\":\"2026-05-03T13:58:06+00:00\",\"dateModified\":\"2026-05-03T13:59:27+00:00\",\"breadcrumb\":{\"@id\":\"https:\/\/patrulheiroevangelista.com.br\/?p=9508#breadcrumb\"},\"inLanguage\":\"pt-BR\",\"potentialAction\":[{\"@type\":\"ReadAction\",\"target\":[\"https:\/\/patrulheiroevangelista.com.br\/?p=9508\"]}]},{\"@type\":\"ImageObject\",\"inLanguage\":\"pt-BR\",\"@id\":\"https:\/\/patrulheiroevangelista.com.br\/?p=9508#primaryimage\",\"url\":\"https:\/\/patrulheiroevangelista.com.br\/wp-content\/uploads\/2026\/05\/IMG_8137-scaled.jpeg\",\"contentUrl\":\"https:\/\/patrulheiroevangelista.com.br\/wp-content\/uploads\/2026\/05\/IMG_8137-scaled.jpeg\",\"width\":2560,\"height\":1440,\"caption\":\"Foto: Divulga\u00e7\u00e3o\"},{\"@type\":\"BreadcrumbList\",\"@id\":\"https:\/\/patrulheiroevangelista.com.br\/?p=9508#breadcrumb\",\"itemListElement\":[{\"@type\":\"ListItem\",\"position\":1,\"name\":\"In\u00edcio\",\"item\":\"https:\/\/patrulheiroevangelista.com.br\/\"},{\"@type\":\"ListItem\",\"position\":2,\"name\":\"Parque Ecol\u00f3gico de Americana informa \u00f3bito da on\u00e7a-pintada Pantanal\"}]},{\"@type\":\"WebSite\",\"@id\":\"https:\/\/patrulheiroevangelista.com.br\/#website\",\"url\":\"https:\/\/patrulheiroevangelista.com.br\/\",\"name\":\"Patrulheiro Evangelista\",\"description\":\"\",\"publisher\":{\"@id\":\"https:\/\/patrulheiroevangelista.com.br\/#organization\"},\"potentialAction\":[{\"@type\":\"SearchAction\",\"target\":{\"@type\":\"EntryPoint\",\"urlTemplate\":\"https:\/\/patrulheiroevangelista.com.br\/?s={search_term_string}\"},\"query-input\":{\"@type\":\"PropertyValueSpecification\",\"valueRequired\":true,\"valueName\":\"search_term_string\"}}],\"inLanguage\":\"pt-BR\"},{\"@type\":\"Organization\",\"@id\":\"https:\/\/patrulheiroevangelista.com.br\/#organization\",\"name\":\"Patrulheiro Evangelista\",\"url\":\"https:\/\/patrulheiroevangelista.com.br\/\",\"logo\":{\"@type\":\"ImageObject\",\"inLanguage\":\"pt-BR\",\"@id\":\"https:\/\/patrulheiroevangelista.com.br\/#\/schema\/logo\/image\/\",\"url\":\"https:\/\/patrulheiroevangelista.com.br\/wp-content\/uploads\/2022\/09\/cropped-cropped-1-300x169-1-1.png\",\"contentUrl\":\"https:\/\/patrulheiroevangelista.com.br\/wp-content\/uploads\/2022\/09\/cropped-cropped-1-300x169-1-1.png\",\"width\":183,\"height\":103,\"caption\":\"Patrulheiro Evangelista\"},\"image\":{\"@id\":\"https:\/\/patrulheiroevangelista.com.br\/#\/schema\/logo\/image\/\"},\"sameAs\":[\"https:\/\/www.facebook.com\/patrulheiroevangelista\",\"https:\/\/www.instagram.com\/patrulheiro.evangelista\/\"]},{\"@type\":\"Person\",\"@id\":\"https:\/\/patrulheiroevangelista.com.br\/#\/schema\/person\/bcae3dc00fc31286371eb8edc18dfdf4\",\"name\":\"Joshua Evangelista\",\"image\":{\"@type\":\"ImageObject\",\"inLanguage\":\"pt-BR\",\"@id\":\"https:\/\/patrulheiroevangelista.com.br\/#\/schema\/person\/image\/\",\"url\":\"https:\/\/secure.gravatar.com\/avatar\/d27d2f402c0fd218173b28d470bdb67b?s=96&r=g\",\"contentUrl\":\"https:\/\/secure.gravatar.com\/avatar\/d27d2f402c0fd218173b28d470bdb67b?s=96&r=g\",\"caption\":\"Joshua Evangelista\"},\"description\":\"Comunic\u00f3logo, jornalista e cofundador do site desde outubro de 2019.\",\"sameAs\":[\"https:\/\/patrulheiro-evangelista-wordpress-904373-145-223-29-15.traefik.me\"],\"url\":\"https:\/\/patrulheiroevangelista.com.br\/?author=1\"}]}<\/script>\n<!-- \/ Yoast SEO plugin. -->","yoast_head_json":{"title":"Parque Ecol\u00f3gico de Americana informa \u00f3bito da on\u00e7a-pintada Pantanal - Patrulheiro Evangelista","robots":{"index":"index","follow":"follow","max-snippet":"max-snippet:-1","max-image-preview":"max-image-preview:large","max-video-preview":"max-video-preview:-1"},"canonical":"https:\/\/patrulheiroevangelista.com.br\/?p=9508","og_locale":"pt_BR","og_type":"article","og_title":"Parque Ecol\u00f3gico de Americana informa \u00f3bito da on\u00e7a-pintada Pantanal - Patrulheiro Evangelista","og_description":"O Parque Ecol\u00f3gico Municipal de Americana informa, com pesar, o \u00f3bito do macho de on\u00e7a-pintada (Panthera onca), conhecido como Pantanal, ocorrido neste s\u00e1bado, 2 de maio. Pantanal tinha 21 anos de idade e estava sob os cuidados do Parque h\u00e1 mais de duas d\u00e9cadas. Nascido em fevereiro de 2005 no Zool\u00f3gico de S\u00e3o Carlos, chegou [&hellip;]","og_url":"https:\/\/patrulheiroevangelista.com.br\/?p=9508","og_site_name":"Patrulheiro Evangelista","article_publisher":"https:\/\/www.facebook.com\/patrulheiroevangelista","article_published_time":"2026-05-03T13:58:06+00:00","article_modified_time":"2026-05-03T13:59:27+00:00","og_image":[{"width":2560,"height":1440,"url":"https:\/\/patrulheiroevangelista.com.br\/wp-content\/uploads\/2026\/05\/IMG_8137-scaled.jpeg","type":"image\/jpeg"}],"author":"Joshua Evangelista","twitter_card":"summary_large_image","twitter_misc":{"Escrito por":"Joshua Evangelista","Est. tempo de leitura":"3 minutos"},"schema":{"@context":"https:\/\/schema.org","@graph":[{"@type":"Article","@id":"https:\/\/patrulheiroevangelista.com.br\/?p=9508#article","isPartOf":{"@id":"https:\/\/patrulheiroevangelista.com.br\/?p=9508"},"author":{"name":"Joshua Evangelista","@id":"https:\/\/patrulheiroevangelista.com.br\/#\/schema\/person\/bcae3dc00fc31286371eb8edc18dfdf4"},"headline":"Parque Ecol\u00f3gico de Americana informa \u00f3bito da on\u00e7a-pintada Pantanal","datePublished":"2026-05-03T13:58:06+00:00","dateModified":"2026-05-03T13:59:27+00:00","mainEntityOfPage":{"@id":"https:\/\/patrulheiroevangelista.com.br\/?p=9508"},"wordCount":385,"publisher":{"@id":"https:\/\/patrulheiroevangelista.com.br\/#organization"},"image":{"@id":"https:\/\/patrulheiroevangelista.com.br\/?p=9508#primaryimage"},"thumbnailUrl":"https:\/\/patrulheiroevangelista.com.br\/wp-content\/uploads\/2026\/05\/IMG_8137-scaled.jpeg","articleSection":["Americana"],"inLanguage":"pt-BR"},{"@type":"WebPage","@id":"https:\/\/patrulheiroevangelista.com.br\/?p=9508","url":"https:\/\/patrulheiroevangelista.com.br\/?p=9508","name":"Parque Ecol\u00f3gico de Americana informa \u00f3bito da on\u00e7a-pintada Pantanal - Patrulheiro Evangelista","isPartOf":{"@id":"https:\/\/patrulheiroevangelista.com.br\/#website"},"primaryImageOfPage":{"@id":"https:\/\/patrulheiroevangelista.com.br\/?p=9508#primaryimage"},"image":{"@id":"https:\/\/patrulheiroevangelista.com.br\/?p=9508#primaryimage"},"thumbnailUrl":"https:\/\/patrulheiroevangelista.com.br\/wp-content\/uploads\/2026\/05\/IMG_8137-scaled.jpeg","datePublished":"2026-05-03T13:58:06+00:00","dateModified":"2026-05-03T13:59:27+00:00","breadcrumb":{"@id":"https:\/\/patrulheiroevangelista.com.br\/?p=9508#breadcrumb"},"inLanguage":"pt-BR","potentialAction":[{"@type":"ReadAction","target":["https:\/\/patrulheiroevangelista.com.br\/?p=9508"]}]},{"@type":"ImageObject","inLanguage":"pt-BR","@id":"https:\/\/patrulheiroevangelista.com.br\/?p=9508#primaryimage","url":"https:\/\/patrulheiroevangelista.com.br\/wp-content\/uploads\/2026\/05\/IMG_8137-scaled.jpeg","contentUrl":"https:\/\/patrulheiroevangelista.com.br\/wp-content\/uploads\/2026\/05\/IMG_8137-scaled.jpeg","width":2560,"height":1440,"caption":"Foto: Divulga\u00e7\u00e3o"},{"@type":"BreadcrumbList","@id":"https:\/\/patrulheiroevangelista.com.br\/?p=9508#breadcrumb","itemListElement":[{"@type":"ListItem","position":1,"name":"In\u00edcio","item":"https:\/\/patrulheiroevangelista.com.br\/"},{"@type":"ListItem","position":2,"name":"Parque Ecol\u00f3gico de Americana informa \u00f3bito da on\u00e7a-pintada Pantanal"}]},{"@type":"WebSite","@id":"https:\/\/patrulheiroevangelista.com.br\/#website","url":"https:\/\/patrulheiroevangelista.com.br\/","name":"Patrulheiro Evangelista","description":"","publisher":{"@id":"https:\/\/patrulheiroevangelista.com.br\/#organization"},"potentialAction":[{"@type":"SearchAction","target":{"@type":"EntryPoint","urlTemplate":"https:\/\/patrulheiroevangelista.com.br\/?s={search_term_string}"},"query-input":{"@type":"PropertyValueSpecification","valueRequired":true,"valueName":"search_term_string"}}],"inLanguage":"pt-BR"},{"@type":"Organization","@id":"https:\/\/patrulheiroevangelista.com.br\/#organization","name":"Patrulheiro Evangelista","url":"https:\/\/patrulheiroevangelista.com.br\/","logo":{"@type":"ImageObject","inLanguage":"pt-BR","@id":"https:\/\/patrulheiroevangelista.com.br\/#\/schema\/logo\/image\/","url":"https:\/\/patrulheiroevangelista.com.br\/wp-content\/uploads\/2022\/09\/cropped-cropped-1-300x169-1-1.png","contentUrl":"https:\/\/patrulheiroevangelista.com.br\/wp-content\/uploads\/2022\/09\/cropped-cropped-1-300x169-1-1.png","width":183,"height":103,"caption":"Patrulheiro Evangelista"},"image":{"@id":"https:\/\/patrulheiroevangelista.com.br\/#\/schema\/logo\/image\/"},"sameAs":["https:\/\/www.facebook.com\/patrulheiroevangelista","https:\/\/www.instagram.com\/patrulheiro.evangelista\/"]},{"@type":"Person","@id":"https:\/\/patrulheiroevangelista.com.br\/#\/schema\/person\/bcae3dc00fc31286371eb8edc18dfdf4","name":"Joshua Evangelista","image":{"@type":"ImageObject","inLanguage":"pt-BR","@id":"https:\/\/patrulheiroevangelista.com.br\/#\/schema\/person\/image\/","url":"https:\/\/secure.gravatar.com\/avatar\/d27d2f402c0fd218173b28d470bdb67b?s=96&r=g","contentUrl":"https:\/\/secure.gravatar.com\/avatar\/d27d2f402c0fd218173b28d470bdb67b?s=96&r=g","caption":"Joshua Evangelista"},"description":"Comunic\u00f3logo, jornalista e cofundador do site desde outubro de 2019.","sameAs":["https:\/\/patrulheiro-evangelista-wordpress-904373-145-223-29-15.traefik.me"],"url":"https:\/\/patrulheiroevangelista.com.br\/?author=1"}]}},"_links":{"self":[{"href":"https:\/\/patrulheiroevangelista.com.br\/index.php?rest_route=\/wp\/v2\/posts\/9508","targetHints":{"allow":["GET"]}}],"collection":[{"href":"https:\/\/patrulheiroevangelista.com.br\/index.php?rest_route=\/wp\/v2\/posts"}],"about":[{"href":"https:\/\/patrulheiroevangelista.com.br\/index.php?rest_route=\/wp\/v2\/types\/post"}],"author":[{"embeddable":true,"href":"https:\/\/patrulheiroevangelista.com.br\/index.php?rest_route=\/wp\/v2\/users\/1"}],"replies":[{"embeddable":true,"href":"https:\/\/patrulheiroevangelista.com.br\/index.php?rest_route=%2Fwp%2Fv2%2Fcomments&post=9508"}],"version-history":[{"count":3,"href":"https:\/\/patrulheiroevangelista.com.br\/index.php?rest_route=\/wp\/v2\/posts\/9508\/revisions"}],"predecessor-version":[{"id":9513,"href":"https:\/\/patrulheiroevangelista.com.br\/index.php?rest_route=\/wp\/v2\/posts\/9508\/revisions\/9513"}],"wp:featuredmedia":[{"embeddable":true,"href":"https:\/\/patrulheiroevangelista.com.br\/index.php?rest_route=\/wp\/v2\/media\/9511"}],"wp:attachment":[{"href":"https:\/\/patrulheiroevangelista.com.br\/index.php?rest_route=%2Fwp%2Fv2%2Fmedia&parent=9508"}],"wp:term":[{"taxonomy":"category","embeddable":true,"href":"https:\/\/patrulheiroevangelista.com.br\/index.php?rest_route=%2Fwp%2Fv2%2Fcategories&post=9508"},{"taxonomy":"post_tag","embeddable":true,"href":"https:\/\/patrulheiroevangelista.com.br\/index.php?rest_route=%2Fwp%2Fv2%2Ftags&post=9508"}],"curies":[{"name":"wp","href":"https:\/\/api.w.org\/{rel}","templated":true}]}}