{"id":9499,"date":"2026-04-29T13:35:32","date_gmt":"2026-04-29T16:35:32","guid":{"rendered":"https:\/\/patrulheiroevangelista.com.br\/?p=9499"},"modified":"2026-04-29T13:35:33","modified_gmt":"2026-04-29T16:35:33","slug":"dae-apresenta-projeto-de-nova-estacao-de-tratamento-de-agua-com-investimento-de-r-775-milhoes","status":"publish","type":"post","link":"https:\/\/patrulheiroevangelista.com.br\/?p=9499","title":{"rendered":"DAE apresenta projeto de nova Esta\u00e7\u00e3o de Tratamento de \u00c1gua com investimento de R$ 7,75 milh\u00f5es"},"content":{"rendered":"\n<p>O Departamento de \u00c1gua e Esgoto (DAE) de Americana apresentou, nesta ter\u00e7a-feira (28), ao prefeito Chico Sardelli, o projeto de uma nova Esta\u00e7\u00e3o de Tratamento de \u00c1gua, que ser\u00e1 implantada dentro das depend\u00eancias da autarquia com o objetivo de fortalecer a seguran\u00e7a h\u00eddrica do munic\u00edpio.<\/p>\n\n\n\n<p>A nova esta\u00e7\u00e3o contar\u00e1 com investimento de R$ 7,75 milh\u00f5es, recurso viabilizado por meio de contrapartida de empreendimentos, e ter\u00e1 capacidade para produzir at\u00e9 540 mil litros de \u00e1gua pot\u00e1vel por hora, o equivalente a uma vaz\u00e3o de 150 litros por segundo.<\/p>\n\n\n\n<p>Constru\u00edda no modelo compacto, a unidade ter\u00e1 opera\u00e7\u00e3o totalmente automatizada, desde a chegada da \u00e1gua bruta captada no Rio Piracicaba at\u00e9 a sa\u00edda para o reservat\u00f3rio central do DAE. A estrutura ocupar\u00e1 uma \u00e1rea aproximada de 450 metros quadrados dentro das depend\u00eancias da autarquia.<\/p>\n\n\n\n<p>O prefeito Chico Sardelli destacou a import\u00e2ncia estrat\u00e9gica do investimento para o futuro da cidade. \u201cEstamos planejando Americana para frente, com investimentos respons\u00e1veis e obras estruturantes. A nova esta\u00e7\u00e3o representa uma melhor capacidade de produ\u00e7\u00e3o, mais seguran\u00e7a no abastecimento e melhores condi\u00e7\u00f5es para acompanhar o crescimento do munic\u00edpio\u201d, afirmou.<\/p>\n\n\n<div class=\"wp-block-image\">\n<figure class=\"aligncenter size-large is-resized\"><img loading=\"lazy\" decoding=\"async\" width=\"1024\" height=\"768\" src=\"https:\/\/patrulheiroevangelista.com.br\/wp-content\/uploads\/2026\/04\/55238232003_4826738589_k-1024x768.jpg\" alt=\"\" class=\"wp-image-9501\" style=\"width:714px;height:auto\" srcset=\"https:\/\/patrulheiroevangelista.com.br\/wp-content\/uploads\/2026\/04\/55238232003_4826738589_k-1024x768.jpg 1024w, https:\/\/patrulheiroevangelista.com.br\/wp-content\/uploads\/2026\/04\/55238232003_4826738589_k-300x225.jpg 300w, https:\/\/patrulheiroevangelista.com.br\/wp-content\/uploads\/2026\/04\/55238232003_4826738589_k-768x576.jpg 768w, https:\/\/patrulheiroevangelista.com.br\/wp-content\/uploads\/2026\/04\/55238232003_4826738589_k-1536x1152.jpg 1536w, https:\/\/patrulheiroevangelista.com.br\/wp-content\/uploads\/2026\/04\/55238232003_4826738589_k.jpg 2048w\" sizes=\"auto, (max-width: 1024px) 100vw, 1024px\" \/><\/figure><\/div>\n\n\n<p>O superintendente do DAE, F\u00e1bio Renato de Oliveira, destacou que a nova unidade refor\u00e7a a capacidade operacional da autarquia. \u201cEstamos falando de um investimento estrat\u00e9gico na nossa produ\u00e7\u00e3o de \u00e1gua tratada com tecnologia moderna, automa\u00e7\u00e3o e efici\u00eancia. \u00c9 uma obra importante para garantir mais seguran\u00e7a no abastecimento e colabora com as interven\u00e7\u00f5es que estamos fazendo nas outras unidades\u201d, ressaltou.<\/p>\n\n\n\n<p>O processo de tratamento compreender\u00e1 as etapas de coagula\u00e7\u00e3o da \u00e1gua, seguida da flocula\u00e7\u00e3o, fase em que as part\u00edculas s\u00f3lidas s\u00e3o agrupadas. Na sequ\u00eancia, a \u00e1gua passar\u00e1 pela decanta\u00e7\u00e3o para separa\u00e7\u00e3o do lodo e, posteriormente, seguir\u00e1 para filtragem em sistema de cinco camadas filtrantes, respons\u00e1vel pelo polimento final necess\u00e1rio para a potabiliza\u00e7\u00e3o.<\/p>\n\n\n\n<p>O DAE informa que todo o processo seguir\u00e1 os mesmos protocolos t\u00e9cnicos j\u00e1 adotados nas ETAs 1 e 2, com utiliza\u00e7\u00e3o dos produtos qu\u00edmicos aprovados e todas as an\u00e1lises de controle de qualidade exigidas pelo Minist\u00e9rio da Sa\u00fade e pela Vigil\u00e2ncia Sanit\u00e1ria.<\/p>\n\n\n\n<p>A implanta\u00e7\u00e3o da nova esta\u00e7\u00e3o est\u00e1 prevista para ser conclu\u00edda ainda em 2026 e integra o programa DAE em A\u00e7\u00e3o pela \u00c1gua, voltado \u00e0 moderniza\u00e7\u00e3o da infraestrutura, aumento da efici\u00eancia operacional e fortalecimento do sistema de abastecimento de Americana, que est\u00e1 sendo desenvolvido pela autarquia desde novembro de 2025.<\/p>\n\n\n\n<figure class=\"wp-block-image size-full\"><img loading=\"lazy\" decoding=\"async\" width=\"970\" height=\"250\" src=\"https:\/\/patrulheiroevangelista.com.br\/wp-content\/uploads\/2026\/01\/festa-do-peao-americana.png\" alt=\"\" class=\"wp-image-9303\" srcset=\"https:\/\/patrulheiroevangelista.com.br\/wp-content\/uploads\/2026\/01\/festa-do-peao-americana.png 970w, https:\/\/patrulheiroevangelista.com.br\/wp-content\/uploads\/2026\/01\/festa-do-peao-americana-300x77.png 300w, https:\/\/patrulheiroevangelista.com.br\/wp-content\/uploads\/2026\/01\/festa-do-peao-americana-768x198.png 768w\" sizes=\"auto, (max-width: 970px) 100vw, 970px\" \/><\/figure>\n","protected":false},"excerpt":{"rendered":"<p>O Departamento de \u00c1gua e Esgoto (DAE) de Americana apresentou, nesta ter\u00e7a-feira (28), ao prefeito Chico Sardelli, o projeto de uma nova Esta\u00e7\u00e3o de Tratamento de \u00c1gua, que ser\u00e1 implantada dentro das depend\u00eancias da autarquia com o objetivo de fortalecer a seguran\u00e7a h\u00eddrica do munic\u00edpio. A nova esta\u00e7\u00e3o contar\u00e1 com investimento de R$ 7,75 milh\u00f5es, [&hellip;]<\/p>\n","protected":false},"author":1,"featured_media":9500,"comment_status":"closed","ping_status":"open","sticky":false,"template":"","format":"standard","meta":{"footnotes":""},"categories":[29],"tags":[],"class_list":["post-9499","post","type-post","status-publish","format-standard","has-post-thumbnail","hentry","category-americana"],"yoast_head":"<!-- This site is optimized with the Yoast SEO plugin v26.8 - https:\/\/yoast.com\/product\/yoast-seo-wordpress\/ -->\n<title>DAE apresenta projeto de nova Esta\u00e7\u00e3o de Tratamento de \u00c1gua com investimento de R$ 7,75 milh\u00f5es - Patrulheiro Evangelista<\/title>\n<meta name=\"robots\" content=\"index, follow, max-snippet:-1, max-image-preview:large, max-video-preview:-1\" \/>\n<link rel=\"canonical\" href=\"https:\/\/patrulheiroevangelista.com.br\/?p=9499\" \/>\n<meta property=\"og:locale\" content=\"pt_BR\" \/>\n<meta property=\"og:type\" content=\"article\" \/>\n<meta property=\"og:title\" content=\"DAE apresenta projeto de nova Esta\u00e7\u00e3o de Tratamento de \u00c1gua com investimento de R$ 7,75 milh\u00f5es - Patrulheiro Evangelista\" \/>\n<meta property=\"og:description\" content=\"O Departamento de \u00c1gua e Esgoto (DAE) de Americana apresentou, nesta ter\u00e7a-feira (28), ao prefeito Chico Sardelli, o projeto de uma nova Esta\u00e7\u00e3o de Tratamento de \u00c1gua, que ser\u00e1 implantada dentro das depend\u00eancias da autarquia com o objetivo de fortalecer a seguran\u00e7a h\u00eddrica do munic\u00edpio. A nova esta\u00e7\u00e3o contar\u00e1 com investimento de R$ 7,75 milh\u00f5es, [&hellip;]\" \/>\n<meta property=\"og:url\" content=\"https:\/\/patrulheiroevangelista.com.br\/?p=9499\" \/>\n<meta property=\"og:site_name\" content=\"Patrulheiro Evangelista\" \/>\n<meta property=\"article:publisher\" content=\"https:\/\/www.facebook.com\/patrulheiroevangelista\" \/>\n<meta property=\"article:published_time\" content=\"2026-04-29T16:35:32+00:00\" \/>\n<meta property=\"article:modified_time\" content=\"2026-04-29T16:35:33+00:00\" \/>\n<meta property=\"og:image\" content=\"https:\/\/patrulheiroevangelista.com.br\/wp-content\/uploads\/2026\/04\/55237179892_e39495cc27_h.jpg\" \/>\n\t<meta property=\"og:image:width\" content=\"1510\" \/>\n\t<meta property=\"og:image:height\" content=\"993\" \/>\n\t<meta property=\"og:image:type\" content=\"image\/jpeg\" \/>\n<meta name=\"author\" content=\"Joshua Evangelista\" \/>\n<meta name=\"twitter:card\" content=\"summary_large_image\" \/>\n<meta name=\"twitter:label1\" content=\"Escrito por\" \/>\n\t<meta name=\"twitter:data1\" content=\"Joshua Evangelista\" \/>\n\t<meta name=\"twitter:label2\" content=\"Est. tempo de leitura\" \/>\n\t<meta name=\"twitter:data2\" content=\"3 minutos\" \/>\n<script type=\"application\/ld+json\" class=\"yoast-schema-graph\">{\"@context\":\"https:\/\/schema.org\",\"@graph\":[{\"@type\":\"Article\",\"@id\":\"https:\/\/patrulheiroevangelista.com.br\/?p=9499#article\",\"isPartOf\":{\"@id\":\"https:\/\/patrulheiroevangelista.com.br\/?p=9499\"},\"author\":{\"name\":\"Joshua Evangelista\",\"@id\":\"https:\/\/patrulheiroevangelista.com.br\/#\/schema\/person\/bcae3dc00fc31286371eb8edc18dfdf4\"},\"headline\":\"DAE apresenta projeto de nova Esta\u00e7\u00e3o de Tratamento de \u00c1gua com investimento de R$ 7,75 milh\u00f5es\",\"datePublished\":\"2026-04-29T16:35:32+00:00\",\"dateModified\":\"2026-04-29T16:35:33+00:00\",\"mainEntityOfPage\":{\"@id\":\"https:\/\/patrulheiroevangelista.com.br\/?p=9499\"},\"wordCount\":444,\"publisher\":{\"@id\":\"https:\/\/patrulheiroevangelista.com.br\/#organization\"},\"image\":{\"@id\":\"https:\/\/patrulheiroevangelista.com.br\/?p=9499#primaryimage\"},\"thumbnailUrl\":\"https:\/\/patrulheiroevangelista.com.br\/wp-content\/uploads\/2026\/04\/55237179892_e39495cc27_h.jpg\",\"articleSection\":[\"Americana\"],\"inLanguage\":\"pt-BR\"},{\"@type\":\"WebPage\",\"@id\":\"https:\/\/patrulheiroevangelista.com.br\/?p=9499\",\"url\":\"https:\/\/patrulheiroevangelista.com.br\/?p=9499\",\"name\":\"DAE apresenta projeto de nova Esta\u00e7\u00e3o de Tratamento de \u00c1gua com investimento de R$ 7,75 milh\u00f5es - Patrulheiro Evangelista\",\"isPartOf\":{\"@id\":\"https:\/\/patrulheiroevangelista.com.br\/#website\"},\"primaryImageOfPage\":{\"@id\":\"https:\/\/patrulheiroevangelista.com.br\/?p=9499#primaryimage\"},\"image\":{\"@id\":\"https:\/\/patrulheiroevangelista.com.br\/?p=9499#primaryimage\"},\"thumbnailUrl\":\"https:\/\/patrulheiroevangelista.com.br\/wp-content\/uploads\/2026\/04\/55237179892_e39495cc27_h.jpg\",\"datePublished\":\"2026-04-29T16:35:32+00:00\",\"dateModified\":\"2026-04-29T16:35:33+00:00\",\"breadcrumb\":{\"@id\":\"https:\/\/patrulheiroevangelista.com.br\/?p=9499#breadcrumb\"},\"inLanguage\":\"pt-BR\",\"potentialAction\":[{\"@type\":\"ReadAction\",\"target\":[\"https:\/\/patrulheiroevangelista.com.br\/?p=9499\"]}]},{\"@type\":\"ImageObject\",\"inLanguage\":\"pt-BR\",\"@id\":\"https:\/\/patrulheiroevangelista.com.br\/?p=9499#primaryimage\",\"url\":\"https:\/\/patrulheiroevangelista.com.br\/wp-content\/uploads\/2026\/04\/55237179892_e39495cc27_h.jpg\",\"contentUrl\":\"https:\/\/patrulheiroevangelista.com.br\/wp-content\/uploads\/2026\/04\/55237179892_e39495cc27_h.jpg\",\"width\":1510,\"height\":993,\"caption\":\"Nova ETA - DAE Americana\/Foto: Prefeitura de Americana\"},{\"@type\":\"BreadcrumbList\",\"@id\":\"https:\/\/patrulheiroevangelista.com.br\/?p=9499#breadcrumb\",\"itemListElement\":[{\"@type\":\"ListItem\",\"position\":1,\"name\":\"In\u00edcio\",\"item\":\"https:\/\/patrulheiroevangelista.com.br\/\"},{\"@type\":\"ListItem\",\"position\":2,\"name\":\"DAE apresenta projeto de nova Esta\u00e7\u00e3o de Tratamento de \u00c1gua com investimento de R$ 7,75 milh\u00f5es\"}]},{\"@type\":\"WebSite\",\"@id\":\"https:\/\/patrulheiroevangelista.com.br\/#website\",\"url\":\"https:\/\/patrulheiroevangelista.com.br\/\",\"name\":\"Patrulheiro Evangelista\",\"description\":\"\",\"publisher\":{\"@id\":\"https:\/\/patrulheiroevangelista.com.br\/#organization\"},\"potentialAction\":[{\"@type\":\"SearchAction\",\"target\":{\"@type\":\"EntryPoint\",\"urlTemplate\":\"https:\/\/patrulheiroevangelista.com.br\/?s={search_term_string}\"},\"query-input\":{\"@type\":\"PropertyValueSpecification\",\"valueRequired\":true,\"valueName\":\"search_term_string\"}}],\"inLanguage\":\"pt-BR\"},{\"@type\":\"Organization\",\"@id\":\"https:\/\/patrulheiroevangelista.com.br\/#organization\",\"name\":\"Patrulheiro Evangelista\",\"url\":\"https:\/\/patrulheiroevangelista.com.br\/\",\"logo\":{\"@type\":\"ImageObject\",\"inLanguage\":\"pt-BR\",\"@id\":\"https:\/\/patrulheiroevangelista.com.br\/#\/schema\/logo\/image\/\",\"url\":\"https:\/\/patrulheiroevangelista.com.br\/wp-content\/uploads\/2022\/09\/cropped-cropped-1-300x169-1-1.png\",\"contentUrl\":\"https:\/\/patrulheiroevangelista.com.br\/wp-content\/uploads\/2022\/09\/cropped-cropped-1-300x169-1-1.png\",\"width\":183,\"height\":103,\"caption\":\"Patrulheiro Evangelista\"},\"image\":{\"@id\":\"https:\/\/patrulheiroevangelista.com.br\/#\/schema\/logo\/image\/\"},\"sameAs\":[\"https:\/\/www.facebook.com\/patrulheiroevangelista\",\"https:\/\/www.instagram.com\/patrulheiro.evangelista\/\"]},{\"@type\":\"Person\",\"@id\":\"https:\/\/patrulheiroevangelista.com.br\/#\/schema\/person\/bcae3dc00fc31286371eb8edc18dfdf4\",\"name\":\"Joshua Evangelista\",\"image\":{\"@type\":\"ImageObject\",\"inLanguage\":\"pt-BR\",\"@id\":\"https:\/\/patrulheiroevangelista.com.br\/#\/schema\/person\/image\/\",\"url\":\"https:\/\/secure.gravatar.com\/avatar\/d27d2f402c0fd218173b28d470bdb67b?s=96&r=g\",\"contentUrl\":\"https:\/\/secure.gravatar.com\/avatar\/d27d2f402c0fd218173b28d470bdb67b?s=96&r=g\",\"caption\":\"Joshua Evangelista\"},\"description\":\"Comunic\u00f3logo, jornalista e cofundador do site desde outubro de 2019.\",\"sameAs\":[\"https:\/\/patrulheiro-evangelista-wordpress-904373-145-223-29-15.traefik.me\"],\"url\":\"https:\/\/patrulheiroevangelista.com.br\/?author=1\"}]}<\/script>\n<!-- \/ Yoast SEO plugin. -->","yoast_head_json":{"title":"DAE apresenta projeto de nova Esta\u00e7\u00e3o de Tratamento de \u00c1gua com investimento de R$ 7,75 milh\u00f5es - Patrulheiro Evangelista","robots":{"index":"index","follow":"follow","max-snippet":"max-snippet:-1","max-image-preview":"max-image-preview:large","max-video-preview":"max-video-preview:-1"},"canonical":"https:\/\/patrulheiroevangelista.com.br\/?p=9499","og_locale":"pt_BR","og_type":"article","og_title":"DAE apresenta projeto de nova Esta\u00e7\u00e3o de Tratamento de \u00c1gua com investimento de R$ 7,75 milh\u00f5es - Patrulheiro Evangelista","og_description":"O Departamento de \u00c1gua e Esgoto (DAE) de Americana apresentou, nesta ter\u00e7a-feira (28), ao prefeito Chico Sardelli, o projeto de uma nova Esta\u00e7\u00e3o de Tratamento de \u00c1gua, que ser\u00e1 implantada dentro das depend\u00eancias da autarquia com o objetivo de fortalecer a seguran\u00e7a h\u00eddrica do munic\u00edpio. A nova esta\u00e7\u00e3o contar\u00e1 com investimento de R$ 7,75 milh\u00f5es, [&hellip;]","og_url":"https:\/\/patrulheiroevangelista.com.br\/?p=9499","og_site_name":"Patrulheiro Evangelista","article_publisher":"https:\/\/www.facebook.com\/patrulheiroevangelista","article_published_time":"2026-04-29T16:35:32+00:00","article_modified_time":"2026-04-29T16:35:33+00:00","og_image":[{"width":1510,"height":993,"url":"https:\/\/patrulheiroevangelista.com.br\/wp-content\/uploads\/2026\/04\/55237179892_e39495cc27_h.jpg","type":"image\/jpeg"}],"author":"Joshua Evangelista","twitter_card":"summary_large_image","twitter_misc":{"Escrito por":"Joshua Evangelista","Est. tempo de leitura":"3 minutos"},"schema":{"@context":"https:\/\/schema.org","@graph":[{"@type":"Article","@id":"https:\/\/patrulheiroevangelista.com.br\/?p=9499#article","isPartOf":{"@id":"https:\/\/patrulheiroevangelista.com.br\/?p=9499"},"author":{"name":"Joshua Evangelista","@id":"https:\/\/patrulheiroevangelista.com.br\/#\/schema\/person\/bcae3dc00fc31286371eb8edc18dfdf4"},"headline":"DAE apresenta projeto de nova Esta\u00e7\u00e3o de Tratamento de \u00c1gua com investimento de R$ 7,75 milh\u00f5es","datePublished":"2026-04-29T16:35:32+00:00","dateModified":"2026-04-29T16:35:33+00:00","mainEntityOfPage":{"@id":"https:\/\/patrulheiroevangelista.com.br\/?p=9499"},"wordCount":444,"publisher":{"@id":"https:\/\/patrulheiroevangelista.com.br\/#organization"},"image":{"@id":"https:\/\/patrulheiroevangelista.com.br\/?p=9499#primaryimage"},"thumbnailUrl":"https:\/\/patrulheiroevangelista.com.br\/wp-content\/uploads\/2026\/04\/55237179892_e39495cc27_h.jpg","articleSection":["Americana"],"inLanguage":"pt-BR"},{"@type":"WebPage","@id":"https:\/\/patrulheiroevangelista.com.br\/?p=9499","url":"https:\/\/patrulheiroevangelista.com.br\/?p=9499","name":"DAE apresenta projeto de nova Esta\u00e7\u00e3o de Tratamento de \u00c1gua com investimento de R$ 7,75 milh\u00f5es - Patrulheiro Evangelista","isPartOf":{"@id":"https:\/\/patrulheiroevangelista.com.br\/#website"},"primaryImageOfPage":{"@id":"https:\/\/patrulheiroevangelista.com.br\/?p=9499#primaryimage"},"image":{"@id":"https:\/\/patrulheiroevangelista.com.br\/?p=9499#primaryimage"},"thumbnailUrl":"https:\/\/patrulheiroevangelista.com.br\/wp-content\/uploads\/2026\/04\/55237179892_e39495cc27_h.jpg","datePublished":"2026-04-29T16:35:32+00:00","dateModified":"2026-04-29T16:35:33+00:00","breadcrumb":{"@id":"https:\/\/patrulheiroevangelista.com.br\/?p=9499#breadcrumb"},"inLanguage":"pt-BR","potentialAction":[{"@type":"ReadAction","target":["https:\/\/patrulheiroevangelista.com.br\/?p=9499"]}]},{"@type":"ImageObject","inLanguage":"pt-BR","@id":"https:\/\/patrulheiroevangelista.com.br\/?p=9499#primaryimage","url":"https:\/\/patrulheiroevangelista.com.br\/wp-content\/uploads\/2026\/04\/55237179892_e39495cc27_h.jpg","contentUrl":"https:\/\/patrulheiroevangelista.com.br\/wp-content\/uploads\/2026\/04\/55237179892_e39495cc27_h.jpg","width":1510,"height":993,"caption":"Nova ETA - DAE Americana\/Foto: Prefeitura de Americana"},{"@type":"BreadcrumbList","@id":"https:\/\/patrulheiroevangelista.com.br\/?p=9499#breadcrumb","itemListElement":[{"@type":"ListItem","position":1,"name":"In\u00edcio","item":"https:\/\/patrulheiroevangelista.com.br\/"},{"@type":"ListItem","position":2,"name":"DAE apresenta projeto de nova Esta\u00e7\u00e3o de Tratamento de \u00c1gua com investimento de R$ 7,75 milh\u00f5es"}]},{"@type":"WebSite","@id":"https:\/\/patrulheiroevangelista.com.br\/#website","url":"https:\/\/patrulheiroevangelista.com.br\/","name":"Patrulheiro Evangelista","description":"","publisher":{"@id":"https:\/\/patrulheiroevangelista.com.br\/#organization"},"potentialAction":[{"@type":"SearchAction","target":{"@type":"EntryPoint","urlTemplate":"https:\/\/patrulheiroevangelista.com.br\/?s={search_term_string}"},"query-input":{"@type":"PropertyValueSpecification","valueRequired":true,"valueName":"search_term_string"}}],"inLanguage":"pt-BR"},{"@type":"Organization","@id":"https:\/\/patrulheiroevangelista.com.br\/#organization","name":"Patrulheiro Evangelista","url":"https:\/\/patrulheiroevangelista.com.br\/","logo":{"@type":"ImageObject","inLanguage":"pt-BR","@id":"https:\/\/patrulheiroevangelista.com.br\/#\/schema\/logo\/image\/","url":"https:\/\/patrulheiroevangelista.com.br\/wp-content\/uploads\/2022\/09\/cropped-cropped-1-300x169-1-1.png","contentUrl":"https:\/\/patrulheiroevangelista.com.br\/wp-content\/uploads\/2022\/09\/cropped-cropped-1-300x169-1-1.png","width":183,"height":103,"caption":"Patrulheiro Evangelista"},"image":{"@id":"https:\/\/patrulheiroevangelista.com.br\/#\/schema\/logo\/image\/"},"sameAs":["https:\/\/www.facebook.com\/patrulheiroevangelista","https:\/\/www.instagram.com\/patrulheiro.evangelista\/"]},{"@type":"Person","@id":"https:\/\/patrulheiroevangelista.com.br\/#\/schema\/person\/bcae3dc00fc31286371eb8edc18dfdf4","name":"Joshua Evangelista","image":{"@type":"ImageObject","inLanguage":"pt-BR","@id":"https:\/\/patrulheiroevangelista.com.br\/#\/schema\/person\/image\/","url":"https:\/\/secure.gravatar.com\/avatar\/d27d2f402c0fd218173b28d470bdb67b?s=96&r=g","contentUrl":"https:\/\/secure.gravatar.com\/avatar\/d27d2f402c0fd218173b28d470bdb67b?s=96&r=g","caption":"Joshua Evangelista"},"description":"Comunic\u00f3logo, jornalista e cofundador do site desde outubro de 2019.","sameAs":["https:\/\/patrulheiro-evangelista-wordpress-904373-145-223-29-15.traefik.me"],"url":"https:\/\/patrulheiroevangelista.com.br\/?author=1"}]}},"_links":{"self":[{"href":"https:\/\/patrulheiroevangelista.com.br\/index.php?rest_route=\/wp\/v2\/posts\/9499","targetHints":{"allow":["GET"]}}],"collection":[{"href":"https:\/\/patrulheiroevangelista.com.br\/index.php?rest_route=\/wp\/v2\/posts"}],"about":[{"href":"https:\/\/patrulheiroevangelista.com.br\/index.php?rest_route=\/wp\/v2\/types\/post"}],"author":[{"embeddable":true,"href":"https:\/\/patrulheiroevangelista.com.br\/index.php?rest_route=\/wp\/v2\/users\/1"}],"replies":[{"embeddable":true,"href":"https:\/\/patrulheiroevangelista.com.br\/index.php?rest_route=%2Fwp%2Fv2%2Fcomments&post=9499"}],"version-history":[{"count":1,"href":"https:\/\/patrulheiroevangelista.com.br\/index.php?rest_route=\/wp\/v2\/posts\/9499\/revisions"}],"predecessor-version":[{"id":9502,"href":"https:\/\/patrulheiroevangelista.com.br\/index.php?rest_route=\/wp\/v2\/posts\/9499\/revisions\/9502"}],"wp:featuredmedia":[{"embeddable":true,"href":"https:\/\/patrulheiroevangelista.com.br\/index.php?rest_route=\/wp\/v2\/media\/9500"}],"wp:attachment":[{"href":"https:\/\/patrulheiroevangelista.com.br\/index.php?rest_route=%2Fwp%2Fv2%2Fmedia&parent=9499"}],"wp:term":[{"taxonomy":"category","embeddable":true,"href":"https:\/\/patrulheiroevangelista.com.br\/index.php?rest_route=%2Fwp%2Fv2%2Fcategories&post=9499"},{"taxonomy":"post_tag","embeddable":true,"href":"https:\/\/patrulheiroevangelista.com.br\/index.php?rest_route=%2Fwp%2Fv2%2Ftags&post=9499"}],"curies":[{"name":"wp","href":"https:\/\/api.w.org\/{rel}","templated":true}]}}