{"id":9493,"date":"2026-04-27T16:24:01","date_gmt":"2026-04-27T19:24:01","guid":{"rendered":"https:\/\/patrulheiroevangelista.com.br\/?p=9493"},"modified":"2026-04-27T16:24:02","modified_gmt":"2026-04-27T19:24:02","slug":"prefeitura-de-americana-abre-inscricoes-para-curso-gratuito-na-area-de-logistica","status":"publish","type":"post","link":"https:\/\/patrulheiroevangelista.com.br\/?p=9493","title":{"rendered":"Prefeitura de Americana abre inscri\u00e7\u00f5es para curso gratuito na \u00e1rea de log\u00edstica"},"content":{"rendered":"\n<p>O Programa Futuro Certo, das secretarias de Desenvolvimento Econ\u00f4mico e de Assist\u00eancia Social e Direitos Humanos da Prefeitura de Americana, est\u00e1 com inscri\u00e7\u00f5es abertas para o curso gratuito <strong>\u201cOpera\u00e7\u00f5es log\u00edsticas em armaz\u00e9m \u2013 t\u00e9cnicas de utiliza\u00e7\u00e3o do WMS\u201d<\/strong>, em parceria com o Sindicato dos Empregados no Com\u00e9rcio de Americana, Nova Odessa e Cosm\u00f3polis (Sincomerci\u00e1rios).<\/p>\n\n\n\n<p>As inscri\u00e7\u00f5es devem ser realizadas presencialmente at\u00e9 o dia 4 de maio, de segunda a sexta-feira, das 9h \u00e0s 12h e das 13h \u00e0s 16h, na sede do Cuca (Centro da Universidade do Conhecimento de Americana), localizado na Rua Anhanguera, n\u00ba 16, em frente ao Mercado Municipal, na regi\u00e3o central. \u00c9 necess\u00e1rio apresentar documentos pessoais. As aulas ser\u00e3o ministradas de 11 a 15 de maio, das 8h30 \u00e0s 11h30, tamb\u00e9m no Cuca.<\/p>\n\n\n\n<p>A utiliza\u00e7\u00e3o de um sistema WMS (Warehouse Management System) envolve um conjunto de t\u00e9cnicas e pr\u00e1ticas voltadas para automatizar, organizar e otimizar as opera\u00e7\u00f5es log\u00edsticas de um armaz\u00e9m, desde o recebimento at\u00e9 a expedi\u00e7\u00e3o.<\/p>\n\n\n\n<p>\u201cO setor de log\u00edstica \u00e9 um dos mais promissores atualmente no que se refere a vagas de trabalho. O segmento requer qualifica\u00e7\u00e3o constante para garantir que o produto chegue ao lugar certo, no momento certo e com o menor custo poss\u00edvel, abrangendo transporte, armazenagem e gest\u00e3o de estoques. O curso \u00e9 uma boa oportunidade para pessoas que desejam se aperfei\u00e7oar na \u00e1rea\u201d, avaliou o secret\u00e1rio municipal de Desenvolvimento Econ\u00f4mico, Rafael de Barros.<\/p>\n\n\n\n<figure class=\"wp-block-image size-full\"><img loading=\"lazy\" decoding=\"async\" width=\"970\" height=\"250\" src=\"https:\/\/patrulheiroevangelista.com.br\/wp-content\/uploads\/2026\/01\/gemeos-cafe.jpg\" alt=\"\" class=\"wp-image-9264\" srcset=\"https:\/\/patrulheiroevangelista.com.br\/wp-content\/uploads\/2026\/01\/gemeos-cafe.jpg 970w, https:\/\/patrulheiroevangelista.com.br\/wp-content\/uploads\/2026\/01\/gemeos-cafe-300x77.jpg 300w, https:\/\/patrulheiroevangelista.com.br\/wp-content\/uploads\/2026\/01\/gemeos-cafe-768x198.jpg 768w\" sizes=\"auto, (max-width: 970px) 100vw, 970px\" \/><\/figure>\n","protected":false},"excerpt":{"rendered":"<p>O Programa Futuro Certo, das secretarias de Desenvolvimento Econ\u00f4mico e de Assist\u00eancia Social e Direitos Humanos da Prefeitura de Americana, est\u00e1 com inscri\u00e7\u00f5es abertas para o curso gratuito \u201cOpera\u00e7\u00f5es log\u00edsticas em armaz\u00e9m \u2013 t\u00e9cnicas de utiliza\u00e7\u00e3o do WMS\u201d, em parceria com o Sindicato dos Empregados no Com\u00e9rcio de Americana, Nova Odessa e Cosm\u00f3polis (Sincomerci\u00e1rios). As [&hellip;]<\/p>\n","protected":false},"author":1,"featured_media":9494,"comment_status":"closed","ping_status":"open","sticky":false,"template":"","format":"standard","meta":{"footnotes":""},"categories":[28],"tags":[78],"class_list":["post-9493","post","type-post","status-publish","format-standard","has-post-thumbnail","hentry","category-oportunidade","tag-americana"],"yoast_head":"<!-- This site is optimized with the Yoast SEO plugin v26.8 - https:\/\/yoast.com\/product\/yoast-seo-wordpress\/ -->\n<title>Prefeitura de Americana abre inscri\u00e7\u00f5es para curso gratuito na \u00e1rea de log\u00edstica - Patrulheiro Evangelista<\/title>\n<meta name=\"robots\" content=\"index, follow, max-snippet:-1, max-image-preview:large, max-video-preview:-1\" \/>\n<link rel=\"canonical\" href=\"https:\/\/patrulheiroevangelista.com.br\/?p=9493\" \/>\n<meta property=\"og:locale\" content=\"pt_BR\" \/>\n<meta property=\"og:type\" content=\"article\" \/>\n<meta property=\"og:title\" content=\"Prefeitura de Americana abre inscri\u00e7\u00f5es para curso gratuito na \u00e1rea de log\u00edstica - Patrulheiro Evangelista\" \/>\n<meta property=\"og:description\" content=\"O Programa Futuro Certo, das secretarias de Desenvolvimento Econ\u00f4mico e de Assist\u00eancia Social e Direitos Humanos da Prefeitura de Americana, est\u00e1 com inscri\u00e7\u00f5es abertas para o curso gratuito \u201cOpera\u00e7\u00f5es log\u00edsticas em armaz\u00e9m \u2013 t\u00e9cnicas de utiliza\u00e7\u00e3o do WMS\u201d, em parceria com o Sindicato dos Empregados no Com\u00e9rcio de Americana, Nova Odessa e Cosm\u00f3polis (Sincomerci\u00e1rios). As [&hellip;]\" \/>\n<meta property=\"og:url\" content=\"https:\/\/patrulheiroevangelista.com.br\/?p=9493\" \/>\n<meta property=\"og:site_name\" content=\"Patrulheiro Evangelista\" \/>\n<meta property=\"article:publisher\" content=\"https:\/\/www.facebook.com\/patrulheiroevangelista\" \/>\n<meta property=\"article:published_time\" content=\"2026-04-27T19:24:01+00:00\" \/>\n<meta property=\"article:modified_time\" content=\"2026-04-27T19:24:02+00:00\" \/>\n<meta property=\"og:image\" content=\"https:\/\/patrulheiroevangelista.com.br\/wp-content\/uploads\/2026\/04\/Cuca-1-scaled.jpg\" \/>\n\t<meta property=\"og:image:width\" content=\"2560\" \/>\n\t<meta property=\"og:image:height\" content=\"1440\" \/>\n\t<meta property=\"og:image:type\" content=\"image\/jpeg\" \/>\n<meta name=\"author\" content=\"Joshua Evangelista\" \/>\n<meta name=\"twitter:card\" content=\"summary_large_image\" \/>\n<meta name=\"twitter:label1\" content=\"Escrito por\" \/>\n\t<meta name=\"twitter:data1\" content=\"Joshua Evangelista\" \/>\n\t<meta name=\"twitter:label2\" content=\"Est. tempo de leitura\" \/>\n\t<meta name=\"twitter:data2\" content=\"2 minutos\" \/>\n<script type=\"application\/ld+json\" class=\"yoast-schema-graph\">{\"@context\":\"https:\/\/schema.org\",\"@graph\":[{\"@type\":\"Article\",\"@id\":\"https:\/\/patrulheiroevangelista.com.br\/?p=9493#article\",\"isPartOf\":{\"@id\":\"https:\/\/patrulheiroevangelista.com.br\/?p=9493\"},\"author\":{\"name\":\"Joshua Evangelista\",\"@id\":\"https:\/\/patrulheiroevangelista.com.br\/#\/schema\/person\/bcae3dc00fc31286371eb8edc18dfdf4\"},\"headline\":\"Prefeitura de Americana abre inscri\u00e7\u00f5es para curso gratuito na \u00e1rea de log\u00edstica\",\"datePublished\":\"2026-04-27T19:24:01+00:00\",\"dateModified\":\"2026-04-27T19:24:02+00:00\",\"mainEntityOfPage\":{\"@id\":\"https:\/\/patrulheiroevangelista.com.br\/?p=9493\"},\"wordCount\":268,\"publisher\":{\"@id\":\"https:\/\/patrulheiroevangelista.com.br\/#organization\"},\"image\":{\"@id\":\"https:\/\/patrulheiroevangelista.com.br\/?p=9493#primaryimage\"},\"thumbnailUrl\":\"https:\/\/patrulheiroevangelista.com.br\/wp-content\/uploads\/2026\/04\/Cuca-1-scaled.jpg\",\"keywords\":[\"Americana\"],\"articleSection\":[\"Oportunidade\"],\"inLanguage\":\"pt-BR\"},{\"@type\":\"WebPage\",\"@id\":\"https:\/\/patrulheiroevangelista.com.br\/?p=9493\",\"url\":\"https:\/\/patrulheiroevangelista.com.br\/?p=9493\",\"name\":\"Prefeitura de Americana abre inscri\u00e7\u00f5es para curso gratuito na \u00e1rea de log\u00edstica - Patrulheiro Evangelista\",\"isPartOf\":{\"@id\":\"https:\/\/patrulheiroevangelista.com.br\/#website\"},\"primaryImageOfPage\":{\"@id\":\"https:\/\/patrulheiroevangelista.com.br\/?p=9493#primaryimage\"},\"image\":{\"@id\":\"https:\/\/patrulheiroevangelista.com.br\/?p=9493#primaryimage\"},\"thumbnailUrl\":\"https:\/\/patrulheiroevangelista.com.br\/wp-content\/uploads\/2026\/04\/Cuca-1-scaled.jpg\",\"datePublished\":\"2026-04-27T19:24:01+00:00\",\"dateModified\":\"2026-04-27T19:24:02+00:00\",\"breadcrumb\":{\"@id\":\"https:\/\/patrulheiroevangelista.com.br\/?p=9493#breadcrumb\"},\"inLanguage\":\"pt-BR\",\"potentialAction\":[{\"@type\":\"ReadAction\",\"target\":[\"https:\/\/patrulheiroevangelista.com.br\/?p=9493\"]}]},{\"@type\":\"ImageObject\",\"inLanguage\":\"pt-BR\",\"@id\":\"https:\/\/patrulheiroevangelista.com.br\/?p=9493#primaryimage\",\"url\":\"https:\/\/patrulheiroevangelista.com.br\/wp-content\/uploads\/2026\/04\/Cuca-1-scaled.jpg\",\"contentUrl\":\"https:\/\/patrulheiroevangelista.com.br\/wp-content\/uploads\/2026\/04\/Cuca-1-scaled.jpg\",\"width\":2560,\"height\":1440,\"caption\":\"Foto: Marilia Pierre\/Prefeitura de Americana\"},{\"@type\":\"BreadcrumbList\",\"@id\":\"https:\/\/patrulheiroevangelista.com.br\/?p=9493#breadcrumb\",\"itemListElement\":[{\"@type\":\"ListItem\",\"position\":1,\"name\":\"In\u00edcio\",\"item\":\"https:\/\/patrulheiroevangelista.com.br\/\"},{\"@type\":\"ListItem\",\"position\":2,\"name\":\"Prefeitura de Americana abre inscri\u00e7\u00f5es para curso gratuito na \u00e1rea de log\u00edstica\"}]},{\"@type\":\"WebSite\",\"@id\":\"https:\/\/patrulheiroevangelista.com.br\/#website\",\"url\":\"https:\/\/patrulheiroevangelista.com.br\/\",\"name\":\"Patrulheiro Evangelista\",\"description\":\"\",\"publisher\":{\"@id\":\"https:\/\/patrulheiroevangelista.com.br\/#organization\"},\"potentialAction\":[{\"@type\":\"SearchAction\",\"target\":{\"@type\":\"EntryPoint\",\"urlTemplate\":\"https:\/\/patrulheiroevangelista.com.br\/?s={search_term_string}\"},\"query-input\":{\"@type\":\"PropertyValueSpecification\",\"valueRequired\":true,\"valueName\":\"search_term_string\"}}],\"inLanguage\":\"pt-BR\"},{\"@type\":\"Organization\",\"@id\":\"https:\/\/patrulheiroevangelista.com.br\/#organization\",\"name\":\"Patrulheiro Evangelista\",\"url\":\"https:\/\/patrulheiroevangelista.com.br\/\",\"logo\":{\"@type\":\"ImageObject\",\"inLanguage\":\"pt-BR\",\"@id\":\"https:\/\/patrulheiroevangelista.com.br\/#\/schema\/logo\/image\/\",\"url\":\"https:\/\/patrulheiroevangelista.com.br\/wp-content\/uploads\/2022\/09\/cropped-cropped-1-300x169-1-1.png\",\"contentUrl\":\"https:\/\/patrulheiroevangelista.com.br\/wp-content\/uploads\/2022\/09\/cropped-cropped-1-300x169-1-1.png\",\"width\":183,\"height\":103,\"caption\":\"Patrulheiro Evangelista\"},\"image\":{\"@id\":\"https:\/\/patrulheiroevangelista.com.br\/#\/schema\/logo\/image\/\"},\"sameAs\":[\"https:\/\/www.facebook.com\/patrulheiroevangelista\",\"https:\/\/www.instagram.com\/patrulheiro.evangelista\/\"]},{\"@type\":\"Person\",\"@id\":\"https:\/\/patrulheiroevangelista.com.br\/#\/schema\/person\/bcae3dc00fc31286371eb8edc18dfdf4\",\"name\":\"Joshua Evangelista\",\"image\":{\"@type\":\"ImageObject\",\"inLanguage\":\"pt-BR\",\"@id\":\"https:\/\/patrulheiroevangelista.com.br\/#\/schema\/person\/image\/\",\"url\":\"https:\/\/secure.gravatar.com\/avatar\/d27d2f402c0fd218173b28d470bdb67b?s=96&r=g\",\"contentUrl\":\"https:\/\/secure.gravatar.com\/avatar\/d27d2f402c0fd218173b28d470bdb67b?s=96&r=g\",\"caption\":\"Joshua Evangelista\"},\"description\":\"Comunic\u00f3logo, jornalista e cofundador do site desde outubro de 2019.\",\"sameAs\":[\"https:\/\/patrulheiro-evangelista-wordpress-904373-145-223-29-15.traefik.me\"],\"url\":\"https:\/\/patrulheiroevangelista.com.br\/?author=1\"}]}<\/script>\n<!-- \/ Yoast SEO plugin. -->","yoast_head_json":{"title":"Prefeitura de Americana abre inscri\u00e7\u00f5es para curso gratuito na \u00e1rea de log\u00edstica - Patrulheiro Evangelista","robots":{"index":"index","follow":"follow","max-snippet":"max-snippet:-1","max-image-preview":"max-image-preview:large","max-video-preview":"max-video-preview:-1"},"canonical":"https:\/\/patrulheiroevangelista.com.br\/?p=9493","og_locale":"pt_BR","og_type":"article","og_title":"Prefeitura de Americana abre inscri\u00e7\u00f5es para curso gratuito na \u00e1rea de log\u00edstica - Patrulheiro Evangelista","og_description":"O Programa Futuro Certo, das secretarias de Desenvolvimento Econ\u00f4mico e de Assist\u00eancia Social e Direitos Humanos da Prefeitura de Americana, est\u00e1 com inscri\u00e7\u00f5es abertas para o curso gratuito \u201cOpera\u00e7\u00f5es log\u00edsticas em armaz\u00e9m \u2013 t\u00e9cnicas de utiliza\u00e7\u00e3o do WMS\u201d, em parceria com o Sindicato dos Empregados no Com\u00e9rcio de Americana, Nova Odessa e Cosm\u00f3polis (Sincomerci\u00e1rios). As [&hellip;]","og_url":"https:\/\/patrulheiroevangelista.com.br\/?p=9493","og_site_name":"Patrulheiro Evangelista","article_publisher":"https:\/\/www.facebook.com\/patrulheiroevangelista","article_published_time":"2026-04-27T19:24:01+00:00","article_modified_time":"2026-04-27T19:24:02+00:00","og_image":[{"width":2560,"height":1440,"url":"https:\/\/patrulheiroevangelista.com.br\/wp-content\/uploads\/2026\/04\/Cuca-1-scaled.jpg","type":"image\/jpeg"}],"author":"Joshua Evangelista","twitter_card":"summary_large_image","twitter_misc":{"Escrito por":"Joshua Evangelista","Est. tempo de leitura":"2 minutos"},"schema":{"@context":"https:\/\/schema.org","@graph":[{"@type":"Article","@id":"https:\/\/patrulheiroevangelista.com.br\/?p=9493#article","isPartOf":{"@id":"https:\/\/patrulheiroevangelista.com.br\/?p=9493"},"author":{"name":"Joshua Evangelista","@id":"https:\/\/patrulheiroevangelista.com.br\/#\/schema\/person\/bcae3dc00fc31286371eb8edc18dfdf4"},"headline":"Prefeitura de Americana abre inscri\u00e7\u00f5es para curso gratuito na \u00e1rea de log\u00edstica","datePublished":"2026-04-27T19:24:01+00:00","dateModified":"2026-04-27T19:24:02+00:00","mainEntityOfPage":{"@id":"https:\/\/patrulheiroevangelista.com.br\/?p=9493"},"wordCount":268,"publisher":{"@id":"https:\/\/patrulheiroevangelista.com.br\/#organization"},"image":{"@id":"https:\/\/patrulheiroevangelista.com.br\/?p=9493#primaryimage"},"thumbnailUrl":"https:\/\/patrulheiroevangelista.com.br\/wp-content\/uploads\/2026\/04\/Cuca-1-scaled.jpg","keywords":["Americana"],"articleSection":["Oportunidade"],"inLanguage":"pt-BR"},{"@type":"WebPage","@id":"https:\/\/patrulheiroevangelista.com.br\/?p=9493","url":"https:\/\/patrulheiroevangelista.com.br\/?p=9493","name":"Prefeitura de Americana abre inscri\u00e7\u00f5es para curso gratuito na \u00e1rea de log\u00edstica - Patrulheiro Evangelista","isPartOf":{"@id":"https:\/\/patrulheiroevangelista.com.br\/#website"},"primaryImageOfPage":{"@id":"https:\/\/patrulheiroevangelista.com.br\/?p=9493#primaryimage"},"image":{"@id":"https:\/\/patrulheiroevangelista.com.br\/?p=9493#primaryimage"},"thumbnailUrl":"https:\/\/patrulheiroevangelista.com.br\/wp-content\/uploads\/2026\/04\/Cuca-1-scaled.jpg","datePublished":"2026-04-27T19:24:01+00:00","dateModified":"2026-04-27T19:24:02+00:00","breadcrumb":{"@id":"https:\/\/patrulheiroevangelista.com.br\/?p=9493#breadcrumb"},"inLanguage":"pt-BR","potentialAction":[{"@type":"ReadAction","target":["https:\/\/patrulheiroevangelista.com.br\/?p=9493"]}]},{"@type":"ImageObject","inLanguage":"pt-BR","@id":"https:\/\/patrulheiroevangelista.com.br\/?p=9493#primaryimage","url":"https:\/\/patrulheiroevangelista.com.br\/wp-content\/uploads\/2026\/04\/Cuca-1-scaled.jpg","contentUrl":"https:\/\/patrulheiroevangelista.com.br\/wp-content\/uploads\/2026\/04\/Cuca-1-scaled.jpg","width":2560,"height":1440,"caption":"Foto: Marilia Pierre\/Prefeitura de Americana"},{"@type":"BreadcrumbList","@id":"https:\/\/patrulheiroevangelista.com.br\/?p=9493#breadcrumb","itemListElement":[{"@type":"ListItem","position":1,"name":"In\u00edcio","item":"https:\/\/patrulheiroevangelista.com.br\/"},{"@type":"ListItem","position":2,"name":"Prefeitura de Americana abre inscri\u00e7\u00f5es para curso gratuito na \u00e1rea de log\u00edstica"}]},{"@type":"WebSite","@id":"https:\/\/patrulheiroevangelista.com.br\/#website","url":"https:\/\/patrulheiroevangelista.com.br\/","name":"Patrulheiro Evangelista","description":"","publisher":{"@id":"https:\/\/patrulheiroevangelista.com.br\/#organization"},"potentialAction":[{"@type":"SearchAction","target":{"@type":"EntryPoint","urlTemplate":"https:\/\/patrulheiroevangelista.com.br\/?s={search_term_string}"},"query-input":{"@type":"PropertyValueSpecification","valueRequired":true,"valueName":"search_term_string"}}],"inLanguage":"pt-BR"},{"@type":"Organization","@id":"https:\/\/patrulheiroevangelista.com.br\/#organization","name":"Patrulheiro Evangelista","url":"https:\/\/patrulheiroevangelista.com.br\/","logo":{"@type":"ImageObject","inLanguage":"pt-BR","@id":"https:\/\/patrulheiroevangelista.com.br\/#\/schema\/logo\/image\/","url":"https:\/\/patrulheiroevangelista.com.br\/wp-content\/uploads\/2022\/09\/cropped-cropped-1-300x169-1-1.png","contentUrl":"https:\/\/patrulheiroevangelista.com.br\/wp-content\/uploads\/2022\/09\/cropped-cropped-1-300x169-1-1.png","width":183,"height":103,"caption":"Patrulheiro Evangelista"},"image":{"@id":"https:\/\/patrulheiroevangelista.com.br\/#\/schema\/logo\/image\/"},"sameAs":["https:\/\/www.facebook.com\/patrulheiroevangelista","https:\/\/www.instagram.com\/patrulheiro.evangelista\/"]},{"@type":"Person","@id":"https:\/\/patrulheiroevangelista.com.br\/#\/schema\/person\/bcae3dc00fc31286371eb8edc18dfdf4","name":"Joshua Evangelista","image":{"@type":"ImageObject","inLanguage":"pt-BR","@id":"https:\/\/patrulheiroevangelista.com.br\/#\/schema\/person\/image\/","url":"https:\/\/secure.gravatar.com\/avatar\/d27d2f402c0fd218173b28d470bdb67b?s=96&r=g","contentUrl":"https:\/\/secure.gravatar.com\/avatar\/d27d2f402c0fd218173b28d470bdb67b?s=96&r=g","caption":"Joshua Evangelista"},"description":"Comunic\u00f3logo, jornalista e cofundador do site desde outubro de 2019.","sameAs":["https:\/\/patrulheiro-evangelista-wordpress-904373-145-223-29-15.traefik.me"],"url":"https:\/\/patrulheiroevangelista.com.br\/?author=1"}]}},"_links":{"self":[{"href":"https:\/\/patrulheiroevangelista.com.br\/index.php?rest_route=\/wp\/v2\/posts\/9493","targetHints":{"allow":["GET"]}}],"collection":[{"href":"https:\/\/patrulheiroevangelista.com.br\/index.php?rest_route=\/wp\/v2\/posts"}],"about":[{"href":"https:\/\/patrulheiroevangelista.com.br\/index.php?rest_route=\/wp\/v2\/types\/post"}],"author":[{"embeddable":true,"href":"https:\/\/patrulheiroevangelista.com.br\/index.php?rest_route=\/wp\/v2\/users\/1"}],"replies":[{"embeddable":true,"href":"https:\/\/patrulheiroevangelista.com.br\/index.php?rest_route=%2Fwp%2Fv2%2Fcomments&post=9493"}],"version-history":[{"count":1,"href":"https:\/\/patrulheiroevangelista.com.br\/index.php?rest_route=\/wp\/v2\/posts\/9493\/revisions"}],"predecessor-version":[{"id":9495,"href":"https:\/\/patrulheiroevangelista.com.br\/index.php?rest_route=\/wp\/v2\/posts\/9493\/revisions\/9495"}],"wp:featuredmedia":[{"embeddable":true,"href":"https:\/\/patrulheiroevangelista.com.br\/index.php?rest_route=\/wp\/v2\/media\/9494"}],"wp:attachment":[{"href":"https:\/\/patrulheiroevangelista.com.br\/index.php?rest_route=%2Fwp%2Fv2%2Fmedia&parent=9493"}],"wp:term":[{"taxonomy":"category","embeddable":true,"href":"https:\/\/patrulheiroevangelista.com.br\/index.php?rest_route=%2Fwp%2Fv2%2Fcategories&post=9493"},{"taxonomy":"post_tag","embeddable":true,"href":"https:\/\/patrulheiroevangelista.com.br\/index.php?rest_route=%2Fwp%2Fv2%2Ftags&post=9493"}],"curies":[{"name":"wp","href":"https:\/\/api.w.org\/{rel}","templated":true}]}}