{"id":9413,"date":"2026-03-17T13:20:34","date_gmt":"2026-03-17T16:20:34","guid":{"rendered":"https:\/\/patrulheiroevangelista.com.br\/?p=9413"},"modified":"2026-03-17T13:20:34","modified_gmt":"2026-03-17T16:20:34","slug":"ciclistas-de-americana-se-destacam-na-1a-etapa-do-campeonato-paulista-de-bmx","status":"publish","type":"post","link":"https:\/\/patrulheiroevangelista.com.br\/?p=9413","title":{"rendered":"Ciclistas de Americana se destacam na 1\u00aa etapa do Campeonato Paulista de BMX"},"content":{"rendered":"\n<p>Ciclistas do Americana Bicicross Clube, que conta com apoio da Prefeitura de Americana, por meio da Secretaria de Esportes, conquistaram bons resultados na 1\u00aa etapa do Campeonato Paulista de BMX, disputada no \u00faltimo domingo (15), na Pista de Bicicross Lu\u00eds Cl\u00e1udio Katayama, em Indaiatuba.<\/p>\n\n\n\n<p>O grande destaque da equipe foi o n\u00famero de p\u00f3dios alcan\u00e7ados. O 1\u00ba lugar veio para tr\u00eas atletas, em categorias diferentes: Pedro Azevedo Tonelotti garantiu o t\u00edtulo na Novatos 9\/10 anos; Alexandre Carrea foi o vencedor na categoria Boys 14 anos; e Pedro Bottecchia subiu ao lugar mais alto do p\u00f3dio na Boys 11 anos.<\/p>\n\n\n\n<p>Tamb\u00e9m se destacaram Pietro Scarante Farinacio, que terminou na 3\u00aa coloca\u00e7\u00e3o na categoria Boys 15 anos, Miguel de Oliveira Batista, que ficou com o 4\u00ba lugar na Boys 16 anos, e Bryan Santos de Ara\u00fajo, que finalizou a prova na 6\u00aa coloca\u00e7\u00e3o. Na Elite Men, Igor Gabriel do Amaral conquistou o 6\u00ba lugar e Pedro Carrea terminou na 8\u00aa coloca\u00e7\u00e3o. J\u00e1 Guilherme Merigiolli garantiu o 6\u00ba lugar na categoria Novatos 13\/14 anos. Entre as meninas, Marina Bengardini ficou com a 5\u00aa posi\u00e7\u00e3o na categoria Girls 15\/16 anos.<\/p>\n\n\n\n<p>O presidente do Americana Bicicross Clube, Douglas Campos, avaliou o desempenho dos atletas na etapa. \u201cFoi um in\u00edcio de campeonato muito positivo para nossa equipe. Tivemos p\u00f3dios importantes e v\u00e1rios atletas bem colocados em categorias muito competitivas. Isso mostra a dedica\u00e7\u00e3o dos nossos ciclistas nos treinamentos e o trabalho que vem sendo desenvolvido pela equipe\u201d, destacou.<\/p>\n\n\n\n<p>Americana tamb\u00e9m ser\u00e1 sede de uma das etapas do Campeonato Paulista de BMX. No dia 18 de outubro, a cidade recebe a 7\u00aa etapa, reunindo atletas de diversas regi\u00f5es do estado na Pista Municipal de Bicicross Andr\u00e9 Stocovich Neto.<\/p>\n\n\n<div class=\"wp-block-image\">\n<figure class=\"aligncenter size-full is-resized\"><img loading=\"lazy\" decoding=\"async\" width=\"970\" height=\"250\" src=\"https:\/\/patrulheiroevangelista.com.br\/wp-content\/uploads\/2025\/09\/corpo-energia.png\" alt=\"\" class=\"wp-image-8937\" style=\"width:812px;height:auto\" srcset=\"https:\/\/patrulheiroevangelista.com.br\/wp-content\/uploads\/2025\/09\/corpo-energia.png 970w, https:\/\/patrulheiroevangelista.com.br\/wp-content\/uploads\/2025\/09\/corpo-energia-300x77.png 300w, https:\/\/patrulheiroevangelista.com.br\/wp-content\/uploads\/2025\/09\/corpo-energia-768x198.png 768w\" sizes=\"auto, (max-width: 970px) 100vw, 970px\" \/><\/figure><\/div>","protected":false},"excerpt":{"rendered":"<p>Ciclistas do Americana Bicicross Clube, que conta com apoio da Prefeitura de Americana, por meio da Secretaria de Esportes, conquistaram bons resultados na 1\u00aa etapa do Campeonato Paulista de BMX, disputada no \u00faltimo domingo (15), na Pista de Bicicross Lu\u00eds Cl\u00e1udio Katayama, em Indaiatuba. O grande destaque da equipe foi o n\u00famero de p\u00f3dios alcan\u00e7ados. [&hellip;]<\/p>\n","protected":false},"author":1,"featured_media":9414,"comment_status":"closed","ping_status":"open","sticky":false,"template":"","format":"standard","meta":{"footnotes":""},"categories":[9],"tags":[78],"class_list":["post-9413","post","type-post","status-publish","format-standard","has-post-thumbnail","hentry","category-esporte","tag-americana"],"yoast_head":"<!-- This site is optimized with the Yoast SEO plugin v26.8 - https:\/\/yoast.com\/product\/yoast-seo-wordpress\/ -->\n<title>Ciclistas de Americana se destacam na 1\u00aa etapa do Campeonato Paulista de BMX - Patrulheiro Evangelista<\/title>\n<meta name=\"robots\" content=\"index, follow, max-snippet:-1, max-image-preview:large, max-video-preview:-1\" \/>\n<link rel=\"canonical\" href=\"https:\/\/patrulheiroevangelista.com.br\/?p=9413\" \/>\n<meta property=\"og:locale\" content=\"pt_BR\" \/>\n<meta property=\"og:type\" content=\"article\" \/>\n<meta property=\"og:title\" content=\"Ciclistas de Americana se destacam na 1\u00aa etapa do Campeonato Paulista de BMX - Patrulheiro Evangelista\" \/>\n<meta property=\"og:description\" content=\"Ciclistas do Americana Bicicross Clube, que conta com apoio da Prefeitura de Americana, por meio da Secretaria de Esportes, conquistaram bons resultados na 1\u00aa etapa do Campeonato Paulista de BMX, disputada no \u00faltimo domingo (15), na Pista de Bicicross Lu\u00eds Cl\u00e1udio Katayama, em Indaiatuba. O grande destaque da equipe foi o n\u00famero de p\u00f3dios alcan\u00e7ados. [&hellip;]\" \/>\n<meta property=\"og:url\" content=\"https:\/\/patrulheiroevangelista.com.br\/?p=9413\" \/>\n<meta property=\"og:site_name\" content=\"Patrulheiro Evangelista\" \/>\n<meta property=\"article:publisher\" content=\"https:\/\/www.facebook.com\/patrulheiroevangelista\" \/>\n<meta property=\"article:published_time\" content=\"2026-03-17T16:20:34+00:00\" \/>\n<meta property=\"og:image\" content=\"https:\/\/patrulheiroevangelista.com.br\/wp-content\/uploads\/2026\/03\/55151897077_ed14ed9cb1_h.jpg\" \/>\n\t<meta property=\"og:image:width\" content=\"1600\" \/>\n\t<meta property=\"og:image:height\" content=\"1066\" \/>\n\t<meta property=\"og:image:type\" content=\"image\/jpeg\" \/>\n<meta name=\"author\" content=\"Joshua Evangelista\" \/>\n<meta name=\"twitter:card\" content=\"summary_large_image\" \/>\n<meta name=\"twitter:label1\" content=\"Escrito por\" \/>\n\t<meta name=\"twitter:data1\" content=\"Joshua Evangelista\" \/>\n\t<meta name=\"twitter:label2\" content=\"Est. tempo de leitura\" \/>\n\t<meta name=\"twitter:data2\" content=\"2 minutos\" \/>\n<script type=\"application\/ld+json\" class=\"yoast-schema-graph\">{\"@context\":\"https:\/\/schema.org\",\"@graph\":[{\"@type\":\"Article\",\"@id\":\"https:\/\/patrulheiroevangelista.com.br\/?p=9413#article\",\"isPartOf\":{\"@id\":\"https:\/\/patrulheiroevangelista.com.br\/?p=9413\"},\"author\":{\"name\":\"Joshua Evangelista\",\"@id\":\"https:\/\/patrulheiroevangelista.com.br\/#\/schema\/person\/bcae3dc00fc31286371eb8edc18dfdf4\"},\"headline\":\"Ciclistas de Americana se destacam na 1\u00aa etapa do Campeonato Paulista de BMX\",\"datePublished\":\"2026-03-17T16:20:34+00:00\",\"mainEntityOfPage\":{\"@id\":\"https:\/\/patrulheiroevangelista.com.br\/?p=9413\"},\"wordCount\":294,\"publisher\":{\"@id\":\"https:\/\/patrulheiroevangelista.com.br\/#organization\"},\"image\":{\"@id\":\"https:\/\/patrulheiroevangelista.com.br\/?p=9413#primaryimage\"},\"thumbnailUrl\":\"https:\/\/patrulheiroevangelista.com.br\/wp-content\/uploads\/2026\/03\/55151897077_ed14ed9cb1_h.jpg\",\"keywords\":[\"Americana\"],\"articleSection\":[\"Esporte\"],\"inLanguage\":\"pt-BR\"},{\"@type\":\"WebPage\",\"@id\":\"https:\/\/patrulheiroevangelista.com.br\/?p=9413\",\"url\":\"https:\/\/patrulheiroevangelista.com.br\/?p=9413\",\"name\":\"Ciclistas de Americana se destacam na 1\u00aa etapa do Campeonato Paulista de BMX - Patrulheiro Evangelista\",\"isPartOf\":{\"@id\":\"https:\/\/patrulheiroevangelista.com.br\/#website\"},\"primaryImageOfPage\":{\"@id\":\"https:\/\/patrulheiroevangelista.com.br\/?p=9413#primaryimage\"},\"image\":{\"@id\":\"https:\/\/patrulheiroevangelista.com.br\/?p=9413#primaryimage\"},\"thumbnailUrl\":\"https:\/\/patrulheiroevangelista.com.br\/wp-content\/uploads\/2026\/03\/55151897077_ed14ed9cb1_h.jpg\",\"datePublished\":\"2026-03-17T16:20:34+00:00\",\"breadcrumb\":{\"@id\":\"https:\/\/patrulheiroevangelista.com.br\/?p=9413#breadcrumb\"},\"inLanguage\":\"pt-BR\",\"potentialAction\":[{\"@type\":\"ReadAction\",\"target\":[\"https:\/\/patrulheiroevangelista.com.br\/?p=9413\"]}]},{\"@type\":\"ImageObject\",\"inLanguage\":\"pt-BR\",\"@id\":\"https:\/\/patrulheiroevangelista.com.br\/?p=9413#primaryimage\",\"url\":\"https:\/\/patrulheiroevangelista.com.br\/wp-content\/uploads\/2026\/03\/55151897077_ed14ed9cb1_h.jpg\",\"contentUrl\":\"https:\/\/patrulheiroevangelista.com.br\/wp-content\/uploads\/2026\/03\/55151897077_ed14ed9cb1_h.jpg\",\"width\":1600,\"height\":1066,\"caption\":\"Foto: Divulga\u00e7\u00e3o\"},{\"@type\":\"BreadcrumbList\",\"@id\":\"https:\/\/patrulheiroevangelista.com.br\/?p=9413#breadcrumb\",\"itemListElement\":[{\"@type\":\"ListItem\",\"position\":1,\"name\":\"In\u00edcio\",\"item\":\"https:\/\/patrulheiroevangelista.com.br\/\"},{\"@type\":\"ListItem\",\"position\":2,\"name\":\"Ciclistas de Americana se destacam na 1\u00aa etapa do Campeonato Paulista de BMX\"}]},{\"@type\":\"WebSite\",\"@id\":\"https:\/\/patrulheiroevangelista.com.br\/#website\",\"url\":\"https:\/\/patrulheiroevangelista.com.br\/\",\"name\":\"Patrulheiro Evangelista\",\"description\":\"\",\"publisher\":{\"@id\":\"https:\/\/patrulheiroevangelista.com.br\/#organization\"},\"potentialAction\":[{\"@type\":\"SearchAction\",\"target\":{\"@type\":\"EntryPoint\",\"urlTemplate\":\"https:\/\/patrulheiroevangelista.com.br\/?s={search_term_string}\"},\"query-input\":{\"@type\":\"PropertyValueSpecification\",\"valueRequired\":true,\"valueName\":\"search_term_string\"}}],\"inLanguage\":\"pt-BR\"},{\"@type\":\"Organization\",\"@id\":\"https:\/\/patrulheiroevangelista.com.br\/#organization\",\"name\":\"Patrulheiro Evangelista\",\"url\":\"https:\/\/patrulheiroevangelista.com.br\/\",\"logo\":{\"@type\":\"ImageObject\",\"inLanguage\":\"pt-BR\",\"@id\":\"https:\/\/patrulheiroevangelista.com.br\/#\/schema\/logo\/image\/\",\"url\":\"https:\/\/patrulheiroevangelista.com.br\/wp-content\/uploads\/2022\/09\/cropped-cropped-1-300x169-1-1.png\",\"contentUrl\":\"https:\/\/patrulheiroevangelista.com.br\/wp-content\/uploads\/2022\/09\/cropped-cropped-1-300x169-1-1.png\",\"width\":183,\"height\":103,\"caption\":\"Patrulheiro Evangelista\"},\"image\":{\"@id\":\"https:\/\/patrulheiroevangelista.com.br\/#\/schema\/logo\/image\/\"},\"sameAs\":[\"https:\/\/www.facebook.com\/patrulheiroevangelista\",\"https:\/\/www.instagram.com\/patrulheiro.evangelista\/\"]},{\"@type\":\"Person\",\"@id\":\"https:\/\/patrulheiroevangelista.com.br\/#\/schema\/person\/bcae3dc00fc31286371eb8edc18dfdf4\",\"name\":\"Joshua Evangelista\",\"image\":{\"@type\":\"ImageObject\",\"inLanguage\":\"pt-BR\",\"@id\":\"https:\/\/patrulheiroevangelista.com.br\/#\/schema\/person\/image\/\",\"url\":\"https:\/\/secure.gravatar.com\/avatar\/d27d2f402c0fd218173b28d470bdb67b?s=96&r=g\",\"contentUrl\":\"https:\/\/secure.gravatar.com\/avatar\/d27d2f402c0fd218173b28d470bdb67b?s=96&r=g\",\"caption\":\"Joshua Evangelista\"},\"description\":\"Comunic\u00f3logo, jornalista e cofundador do site desde outubro de 2019.\",\"sameAs\":[\"https:\/\/patrulheiro-evangelista-wordpress-904373-145-223-29-15.traefik.me\"],\"url\":\"https:\/\/patrulheiroevangelista.com.br\/?author=1\"}]}<\/script>\n<!-- \/ Yoast SEO plugin. -->","yoast_head_json":{"title":"Ciclistas de Americana se destacam na 1\u00aa etapa do Campeonato Paulista de BMX - Patrulheiro Evangelista","robots":{"index":"index","follow":"follow","max-snippet":"max-snippet:-1","max-image-preview":"max-image-preview:large","max-video-preview":"max-video-preview:-1"},"canonical":"https:\/\/patrulheiroevangelista.com.br\/?p=9413","og_locale":"pt_BR","og_type":"article","og_title":"Ciclistas de Americana se destacam na 1\u00aa etapa do Campeonato Paulista de BMX - Patrulheiro Evangelista","og_description":"Ciclistas do Americana Bicicross Clube, que conta com apoio da Prefeitura de Americana, por meio da Secretaria de Esportes, conquistaram bons resultados na 1\u00aa etapa do Campeonato Paulista de BMX, disputada no \u00faltimo domingo (15), na Pista de Bicicross Lu\u00eds Cl\u00e1udio Katayama, em Indaiatuba. O grande destaque da equipe foi o n\u00famero de p\u00f3dios alcan\u00e7ados. [&hellip;]","og_url":"https:\/\/patrulheiroevangelista.com.br\/?p=9413","og_site_name":"Patrulheiro Evangelista","article_publisher":"https:\/\/www.facebook.com\/patrulheiroevangelista","article_published_time":"2026-03-17T16:20:34+00:00","og_image":[{"width":1600,"height":1066,"url":"https:\/\/patrulheiroevangelista.com.br\/wp-content\/uploads\/2026\/03\/55151897077_ed14ed9cb1_h.jpg","type":"image\/jpeg"}],"author":"Joshua Evangelista","twitter_card":"summary_large_image","twitter_misc":{"Escrito por":"Joshua Evangelista","Est. tempo de leitura":"2 minutos"},"schema":{"@context":"https:\/\/schema.org","@graph":[{"@type":"Article","@id":"https:\/\/patrulheiroevangelista.com.br\/?p=9413#article","isPartOf":{"@id":"https:\/\/patrulheiroevangelista.com.br\/?p=9413"},"author":{"name":"Joshua Evangelista","@id":"https:\/\/patrulheiroevangelista.com.br\/#\/schema\/person\/bcae3dc00fc31286371eb8edc18dfdf4"},"headline":"Ciclistas de Americana se destacam na 1\u00aa etapa do Campeonato Paulista de BMX","datePublished":"2026-03-17T16:20:34+00:00","mainEntityOfPage":{"@id":"https:\/\/patrulheiroevangelista.com.br\/?p=9413"},"wordCount":294,"publisher":{"@id":"https:\/\/patrulheiroevangelista.com.br\/#organization"},"image":{"@id":"https:\/\/patrulheiroevangelista.com.br\/?p=9413#primaryimage"},"thumbnailUrl":"https:\/\/patrulheiroevangelista.com.br\/wp-content\/uploads\/2026\/03\/55151897077_ed14ed9cb1_h.jpg","keywords":["Americana"],"articleSection":["Esporte"],"inLanguage":"pt-BR"},{"@type":"WebPage","@id":"https:\/\/patrulheiroevangelista.com.br\/?p=9413","url":"https:\/\/patrulheiroevangelista.com.br\/?p=9413","name":"Ciclistas de Americana se destacam na 1\u00aa etapa do Campeonato Paulista de BMX - Patrulheiro Evangelista","isPartOf":{"@id":"https:\/\/patrulheiroevangelista.com.br\/#website"},"primaryImageOfPage":{"@id":"https:\/\/patrulheiroevangelista.com.br\/?p=9413#primaryimage"},"image":{"@id":"https:\/\/patrulheiroevangelista.com.br\/?p=9413#primaryimage"},"thumbnailUrl":"https:\/\/patrulheiroevangelista.com.br\/wp-content\/uploads\/2026\/03\/55151897077_ed14ed9cb1_h.jpg","datePublished":"2026-03-17T16:20:34+00:00","breadcrumb":{"@id":"https:\/\/patrulheiroevangelista.com.br\/?p=9413#breadcrumb"},"inLanguage":"pt-BR","potentialAction":[{"@type":"ReadAction","target":["https:\/\/patrulheiroevangelista.com.br\/?p=9413"]}]},{"@type":"ImageObject","inLanguage":"pt-BR","@id":"https:\/\/patrulheiroevangelista.com.br\/?p=9413#primaryimage","url":"https:\/\/patrulheiroevangelista.com.br\/wp-content\/uploads\/2026\/03\/55151897077_ed14ed9cb1_h.jpg","contentUrl":"https:\/\/patrulheiroevangelista.com.br\/wp-content\/uploads\/2026\/03\/55151897077_ed14ed9cb1_h.jpg","width":1600,"height":1066,"caption":"Foto: Divulga\u00e7\u00e3o"},{"@type":"BreadcrumbList","@id":"https:\/\/patrulheiroevangelista.com.br\/?p=9413#breadcrumb","itemListElement":[{"@type":"ListItem","position":1,"name":"In\u00edcio","item":"https:\/\/patrulheiroevangelista.com.br\/"},{"@type":"ListItem","position":2,"name":"Ciclistas de Americana se destacam na 1\u00aa etapa do Campeonato Paulista de BMX"}]},{"@type":"WebSite","@id":"https:\/\/patrulheiroevangelista.com.br\/#website","url":"https:\/\/patrulheiroevangelista.com.br\/","name":"Patrulheiro Evangelista","description":"","publisher":{"@id":"https:\/\/patrulheiroevangelista.com.br\/#organization"},"potentialAction":[{"@type":"SearchAction","target":{"@type":"EntryPoint","urlTemplate":"https:\/\/patrulheiroevangelista.com.br\/?s={search_term_string}"},"query-input":{"@type":"PropertyValueSpecification","valueRequired":true,"valueName":"search_term_string"}}],"inLanguage":"pt-BR"},{"@type":"Organization","@id":"https:\/\/patrulheiroevangelista.com.br\/#organization","name":"Patrulheiro Evangelista","url":"https:\/\/patrulheiroevangelista.com.br\/","logo":{"@type":"ImageObject","inLanguage":"pt-BR","@id":"https:\/\/patrulheiroevangelista.com.br\/#\/schema\/logo\/image\/","url":"https:\/\/patrulheiroevangelista.com.br\/wp-content\/uploads\/2022\/09\/cropped-cropped-1-300x169-1-1.png","contentUrl":"https:\/\/patrulheiroevangelista.com.br\/wp-content\/uploads\/2022\/09\/cropped-cropped-1-300x169-1-1.png","width":183,"height":103,"caption":"Patrulheiro Evangelista"},"image":{"@id":"https:\/\/patrulheiroevangelista.com.br\/#\/schema\/logo\/image\/"},"sameAs":["https:\/\/www.facebook.com\/patrulheiroevangelista","https:\/\/www.instagram.com\/patrulheiro.evangelista\/"]},{"@type":"Person","@id":"https:\/\/patrulheiroevangelista.com.br\/#\/schema\/person\/bcae3dc00fc31286371eb8edc18dfdf4","name":"Joshua Evangelista","image":{"@type":"ImageObject","inLanguage":"pt-BR","@id":"https:\/\/patrulheiroevangelista.com.br\/#\/schema\/person\/image\/","url":"https:\/\/secure.gravatar.com\/avatar\/d27d2f402c0fd218173b28d470bdb67b?s=96&r=g","contentUrl":"https:\/\/secure.gravatar.com\/avatar\/d27d2f402c0fd218173b28d470bdb67b?s=96&r=g","caption":"Joshua Evangelista"},"description":"Comunic\u00f3logo, jornalista e cofundador do site desde outubro de 2019.","sameAs":["https:\/\/patrulheiro-evangelista-wordpress-904373-145-223-29-15.traefik.me"],"url":"https:\/\/patrulheiroevangelista.com.br\/?author=1"}]}},"_links":{"self":[{"href":"https:\/\/patrulheiroevangelista.com.br\/index.php?rest_route=\/wp\/v2\/posts\/9413","targetHints":{"allow":["GET"]}}],"collection":[{"href":"https:\/\/patrulheiroevangelista.com.br\/index.php?rest_route=\/wp\/v2\/posts"}],"about":[{"href":"https:\/\/patrulheiroevangelista.com.br\/index.php?rest_route=\/wp\/v2\/types\/post"}],"author":[{"embeddable":true,"href":"https:\/\/patrulheiroevangelista.com.br\/index.php?rest_route=\/wp\/v2\/users\/1"}],"replies":[{"embeddable":true,"href":"https:\/\/patrulheiroevangelista.com.br\/index.php?rest_route=%2Fwp%2Fv2%2Fcomments&post=9413"}],"version-history":[{"count":1,"href":"https:\/\/patrulheiroevangelista.com.br\/index.php?rest_route=\/wp\/v2\/posts\/9413\/revisions"}],"predecessor-version":[{"id":9416,"href":"https:\/\/patrulheiroevangelista.com.br\/index.php?rest_route=\/wp\/v2\/posts\/9413\/revisions\/9416"}],"wp:featuredmedia":[{"embeddable":true,"href":"https:\/\/patrulheiroevangelista.com.br\/index.php?rest_route=\/wp\/v2\/media\/9414"}],"wp:attachment":[{"href":"https:\/\/patrulheiroevangelista.com.br\/index.php?rest_route=%2Fwp%2Fv2%2Fmedia&parent=9413"}],"wp:term":[{"taxonomy":"category","embeddable":true,"href":"https:\/\/patrulheiroevangelista.com.br\/index.php?rest_route=%2Fwp%2Fv2%2Fcategories&post=9413"},{"taxonomy":"post_tag","embeddable":true,"href":"https:\/\/patrulheiroevangelista.com.br\/index.php?rest_route=%2Fwp%2Fv2%2Ftags&post=9413"}],"curies":[{"name":"wp","href":"https:\/\/api.w.org\/{rel}","templated":true}]}}