{"id":9410,"date":"2026-03-17T12:48:47","date_gmt":"2026-03-17T15:48:47","guid":{"rendered":"https:\/\/patrulheiroevangelista.com.br\/?p=9410"},"modified":"2026-03-17T12:48:48","modified_gmt":"2026-03-17T15:48:48","slug":"saude-de-americana-passa-a-oferecer-metodo-contraceptivo-de-alta-eficacia-e-longa-duracao","status":"publish","type":"post","link":"https:\/\/patrulheiroevangelista.com.br\/?p=9410","title":{"rendered":"Sa\u00fade de Americana passa a oferecer m\u00e9todo contraceptivo de alta efic\u00e1cia e longa dura\u00e7\u00e3o"},"content":{"rendered":"\n<p>Americana passa a oferecer na rede municipal de sa\u00fade a inser\u00e7\u00e3o do Implanon, m\u00e9todo contraceptivo de alta efic\u00e1cia e longa dura\u00e7\u00e3o que agora est\u00e1 dispon\u00edvel de forma gratuita no SUS (Sistema \u00danico de Sa\u00fade). Nesta segunda-feira (16), m\u00e9dicos da fam\u00edlia da rede municipal receberam uma capacita\u00e7\u00e3o te\u00f3rica e pr\u00e1tica sobre o procedimento, na Unidade B\u00e1sica de Sa\u00fade (UBS) do Jardim Ipiranga.<\/p>\n\n\n\n<p>O Implanon \u00e9 um implante subd\u00e9rmico no formato de um pequeno bast\u00e3o flex\u00edvel, do tamanho de um palito de f\u00f3sforo, inserido sob a pele do bra\u00e7o. Considerado um contraceptivo revers\u00edvel de longa dura\u00e7\u00e3o (LARC), ele atua no organismo por at\u00e9 tr\u00eas anos, liberando pequenas doses cont\u00ednuas do horm\u00f4nio etonogestrel, com retorno r\u00e1pido da fertilidade ap\u00f3s a retirada.<\/p>\n\n\n\n<p>O m\u00e9todo \u00e9 indicado para mulheres em idade reprodutiva, de 14 a 49 anos. A inser\u00e7\u00e3o \u00e9 simples, r\u00e1pida, com anestesia local e pode ser feita por m\u00e9dicos e enfermeiros capacitados. As interessadas devem procurar a unidade de sa\u00fade mais pr\u00f3xima para receber as orienta\u00e7\u00f5es necess\u00e1rias e passar por avalia\u00e7\u00e3o de sa\u00fade antes do procedimento.<\/p>\n\n\n\n<p>A iniciativa amplia o acesso a m\u00e9todos modernos e altamente eficazes de preven\u00e7\u00e3o da gravidez, especialmente na Aten\u00e7\u00e3o Prim\u00e1ria \u00e0 Sa\u00fade, diversificando as op\u00e7\u00f5es de planejamento reprodutivo dispon\u00edveis na rede p\u00fablica.<\/p>\n\n\n\n<p>\u201cCom a chegada do Implanon, estamos oferecendo autonomia e seguran\u00e7a para as mulheres de Americana. O planejamento reprodutivo \u00e9 uma ferramenta essencial de sa\u00fade preventiva, e disponibilizar um m\u00e9todo de alta tecnologia na Aten\u00e7\u00e3o B\u00e1sica garante que a escolha da paciente seja respeitada com o que h\u00e1 de mais moderno e eficaz no cen\u00e1rio atual\u201d, explica a diretora da Unidade de Servi\u00e7os de Sa\u00fade B\u00e1sica e Preventiva, Simone Maciel.<\/p>\n\n\n\n<p>Em Americana, o Implanon j\u00e1 est\u00e1 dispon\u00edvel na rede municipal de sa\u00fade. A paciente Fernanda passou pelo procedimento nesta segunda e relatou sua experi\u00eancia. \u201cProcurei a unidade de sa\u00fade, onde fui atendida pela equipe de enfermagem, que me deu todas as instru\u00e7\u00f5es e explicou os benef\u00edcios. Depois, o procedimento foi agendado. \u00c9 muito tranquilo, feito com anestesia, n\u00e3o d\u00f3i. Vale muito a pena\u201d, afirmou.<\/p>\n\n\n\n<p>Como todo m\u00e9todo hormonal, o Implanon tem poss\u00edveis efeitos colaterais que variam de pessoa para pessoa e podem incluir: altera\u00e7\u00f5es menstruais (escapes ou aus\u00eancia de menstrua\u00e7\u00e3o), acne, sensibilidade mam\u00e1ria, cefaleia e altera\u00e7\u00f5es de humor.<\/p>\n\n\n\n<figure class=\"wp-block-image size-full\"><img loading=\"lazy\" decoding=\"async\" width=\"970\" height=\"250\" src=\"https:\/\/patrulheiroevangelista.com.br\/wp-content\/uploads\/2026\/01\/gemeos-cafe.jpg\" alt=\"\" class=\"wp-image-9264\" srcset=\"https:\/\/patrulheiroevangelista.com.br\/wp-content\/uploads\/2026\/01\/gemeos-cafe.jpg 970w, https:\/\/patrulheiroevangelista.com.br\/wp-content\/uploads\/2026\/01\/gemeos-cafe-300x77.jpg 300w, https:\/\/patrulheiroevangelista.com.br\/wp-content\/uploads\/2026\/01\/gemeos-cafe-768x198.jpg 768w\" sizes=\"auto, (max-width: 970px) 100vw, 970px\" \/><\/figure>\n","protected":false},"excerpt":{"rendered":"<p>Americana passa a oferecer na rede municipal de sa\u00fade a inser\u00e7\u00e3o do Implanon, m\u00e9todo contraceptivo de alta efic\u00e1cia e longa dura\u00e7\u00e3o que agora est\u00e1 dispon\u00edvel de forma gratuita no SUS (Sistema \u00danico de Sa\u00fade). Nesta segunda-feira (16), m\u00e9dicos da fam\u00edlia da rede municipal receberam uma capacita\u00e7\u00e3o te\u00f3rica e pr\u00e1tica sobre o procedimento, na Unidade B\u00e1sica [&hellip;]<\/p>\n","protected":false},"author":1,"featured_media":9411,"comment_status":"closed","ping_status":"open","sticky":false,"template":"","format":"standard","meta":{"footnotes":""},"categories":[12],"tags":[78],"class_list":["post-9410","post","type-post","status-publish","format-standard","has-post-thumbnail","hentry","category-saude","tag-americana"],"yoast_head":"<!-- This site is optimized with the Yoast SEO plugin v26.8 - https:\/\/yoast.com\/product\/yoast-seo-wordpress\/ -->\n<title>Sa\u00fade de Americana passa a oferecer m\u00e9todo contraceptivo de alta efic\u00e1cia e longa dura\u00e7\u00e3o - Patrulheiro Evangelista<\/title>\n<meta name=\"robots\" content=\"index, follow, max-snippet:-1, max-image-preview:large, max-video-preview:-1\" \/>\n<link rel=\"canonical\" href=\"https:\/\/patrulheiroevangelista.com.br\/?p=9410\" \/>\n<meta property=\"og:locale\" content=\"pt_BR\" \/>\n<meta property=\"og:type\" content=\"article\" \/>\n<meta property=\"og:title\" content=\"Sa\u00fade de Americana passa a oferecer m\u00e9todo contraceptivo de alta efic\u00e1cia e longa dura\u00e7\u00e3o - Patrulheiro Evangelista\" \/>\n<meta property=\"og:description\" content=\"Americana passa a oferecer na rede municipal de sa\u00fade a inser\u00e7\u00e3o do Implanon, m\u00e9todo contraceptivo de alta efic\u00e1cia e longa dura\u00e7\u00e3o que agora est\u00e1 dispon\u00edvel de forma gratuita no SUS (Sistema \u00danico de Sa\u00fade). Nesta segunda-feira (16), m\u00e9dicos da fam\u00edlia da rede municipal receberam uma capacita\u00e7\u00e3o te\u00f3rica e pr\u00e1tica sobre o procedimento, na Unidade B\u00e1sica [&hellip;]\" \/>\n<meta property=\"og:url\" content=\"https:\/\/patrulheiroevangelista.com.br\/?p=9410\" \/>\n<meta property=\"og:site_name\" content=\"Patrulheiro Evangelista\" \/>\n<meta property=\"article:publisher\" content=\"https:\/\/www.facebook.com\/patrulheiroevangelista\" \/>\n<meta property=\"article:published_time\" content=\"2026-03-17T15:48:47+00:00\" \/>\n<meta property=\"article:modified_time\" content=\"2026-03-17T15:48:48+00:00\" \/>\n<meta property=\"og:image\" content=\"https:\/\/patrulheiroevangelista.com.br\/wp-content\/uploads\/2026\/03\/55150525057_b52ae264e0_k.jpg\" \/>\n\t<meta property=\"og:image:width\" content=\"2048\" \/>\n\t<meta property=\"og:image:height\" content=\"1536\" \/>\n\t<meta property=\"og:image:type\" content=\"image\/jpeg\" \/>\n<meta name=\"author\" content=\"Joshua Evangelista\" \/>\n<meta name=\"twitter:card\" content=\"summary_large_image\" \/>\n<meta name=\"twitter:label1\" content=\"Escrito por\" \/>\n\t<meta name=\"twitter:data1\" content=\"Joshua Evangelista\" \/>\n\t<meta name=\"twitter:label2\" content=\"Est. tempo de leitura\" \/>\n\t<meta name=\"twitter:data2\" content=\"3 minutos\" \/>\n<script type=\"application\/ld+json\" class=\"yoast-schema-graph\">{\"@context\":\"https:\/\/schema.org\",\"@graph\":[{\"@type\":\"Article\",\"@id\":\"https:\/\/patrulheiroevangelista.com.br\/?p=9410#article\",\"isPartOf\":{\"@id\":\"https:\/\/patrulheiroevangelista.com.br\/?p=9410\"},\"author\":{\"name\":\"Joshua Evangelista\",\"@id\":\"https:\/\/patrulheiroevangelista.com.br\/#\/schema\/person\/bcae3dc00fc31286371eb8edc18dfdf4\"},\"headline\":\"Sa\u00fade de Americana passa a oferecer m\u00e9todo contraceptivo de alta efic\u00e1cia e longa dura\u00e7\u00e3o\",\"datePublished\":\"2026-03-17T15:48:47+00:00\",\"dateModified\":\"2026-03-17T15:48:48+00:00\",\"mainEntityOfPage\":{\"@id\":\"https:\/\/patrulheiroevangelista.com.br\/?p=9410\"},\"wordCount\":448,\"publisher\":{\"@id\":\"https:\/\/patrulheiroevangelista.com.br\/#organization\"},\"image\":{\"@id\":\"https:\/\/patrulheiroevangelista.com.br\/?p=9410#primaryimage\"},\"thumbnailUrl\":\"https:\/\/patrulheiroevangelista.com.br\/wp-content\/uploads\/2026\/03\/55150525057_b52ae264e0_k.jpg\",\"keywords\":[\"Americana\"],\"articleSection\":[\"Sa\u00fade\"],\"inLanguage\":\"pt-BR\"},{\"@type\":\"WebPage\",\"@id\":\"https:\/\/patrulheiroevangelista.com.br\/?p=9410\",\"url\":\"https:\/\/patrulheiroevangelista.com.br\/?p=9410\",\"name\":\"Sa\u00fade de Americana passa a oferecer m\u00e9todo contraceptivo de alta efic\u00e1cia e longa dura\u00e7\u00e3o - Patrulheiro Evangelista\",\"isPartOf\":{\"@id\":\"https:\/\/patrulheiroevangelista.com.br\/#website\"},\"primaryImageOfPage\":{\"@id\":\"https:\/\/patrulheiroevangelista.com.br\/?p=9410#primaryimage\"},\"image\":{\"@id\":\"https:\/\/patrulheiroevangelista.com.br\/?p=9410#primaryimage\"},\"thumbnailUrl\":\"https:\/\/patrulheiroevangelista.com.br\/wp-content\/uploads\/2026\/03\/55150525057_b52ae264e0_k.jpg\",\"datePublished\":\"2026-03-17T15:48:47+00:00\",\"dateModified\":\"2026-03-17T15:48:48+00:00\",\"breadcrumb\":{\"@id\":\"https:\/\/patrulheiroevangelista.com.br\/?p=9410#breadcrumb\"},\"inLanguage\":\"pt-BR\",\"potentialAction\":[{\"@type\":\"ReadAction\",\"target\":[\"https:\/\/patrulheiroevangelista.com.br\/?p=9410\"]}]},{\"@type\":\"ImageObject\",\"inLanguage\":\"pt-BR\",\"@id\":\"https:\/\/patrulheiroevangelista.com.br\/?p=9410#primaryimage\",\"url\":\"https:\/\/patrulheiroevangelista.com.br\/wp-content\/uploads\/2026\/03\/55150525057_b52ae264e0_k.jpg\",\"contentUrl\":\"https:\/\/patrulheiroevangelista.com.br\/wp-content\/uploads\/2026\/03\/55150525057_b52ae264e0_k.jpg\",\"width\":2048,\"height\":1536,\"caption\":\"Foto: Marilia Pierre\/Prefeitura de Americana\"},{\"@type\":\"BreadcrumbList\",\"@id\":\"https:\/\/patrulheiroevangelista.com.br\/?p=9410#breadcrumb\",\"itemListElement\":[{\"@type\":\"ListItem\",\"position\":1,\"name\":\"In\u00edcio\",\"item\":\"https:\/\/patrulheiroevangelista.com.br\/\"},{\"@type\":\"ListItem\",\"position\":2,\"name\":\"Sa\u00fade de Americana passa a oferecer m\u00e9todo contraceptivo de alta efic\u00e1cia e longa dura\u00e7\u00e3o\"}]},{\"@type\":\"WebSite\",\"@id\":\"https:\/\/patrulheiroevangelista.com.br\/#website\",\"url\":\"https:\/\/patrulheiroevangelista.com.br\/\",\"name\":\"Patrulheiro Evangelista\",\"description\":\"\",\"publisher\":{\"@id\":\"https:\/\/patrulheiroevangelista.com.br\/#organization\"},\"potentialAction\":[{\"@type\":\"SearchAction\",\"target\":{\"@type\":\"EntryPoint\",\"urlTemplate\":\"https:\/\/patrulheiroevangelista.com.br\/?s={search_term_string}\"},\"query-input\":{\"@type\":\"PropertyValueSpecification\",\"valueRequired\":true,\"valueName\":\"search_term_string\"}}],\"inLanguage\":\"pt-BR\"},{\"@type\":\"Organization\",\"@id\":\"https:\/\/patrulheiroevangelista.com.br\/#organization\",\"name\":\"Patrulheiro Evangelista\",\"url\":\"https:\/\/patrulheiroevangelista.com.br\/\",\"logo\":{\"@type\":\"ImageObject\",\"inLanguage\":\"pt-BR\",\"@id\":\"https:\/\/patrulheiroevangelista.com.br\/#\/schema\/logo\/image\/\",\"url\":\"https:\/\/patrulheiroevangelista.com.br\/wp-content\/uploads\/2022\/09\/cropped-cropped-1-300x169-1-1.png\",\"contentUrl\":\"https:\/\/patrulheiroevangelista.com.br\/wp-content\/uploads\/2022\/09\/cropped-cropped-1-300x169-1-1.png\",\"width\":183,\"height\":103,\"caption\":\"Patrulheiro Evangelista\"},\"image\":{\"@id\":\"https:\/\/patrulheiroevangelista.com.br\/#\/schema\/logo\/image\/\"},\"sameAs\":[\"https:\/\/www.facebook.com\/patrulheiroevangelista\",\"https:\/\/www.instagram.com\/patrulheiro.evangelista\/\"]},{\"@type\":\"Person\",\"@id\":\"https:\/\/patrulheiroevangelista.com.br\/#\/schema\/person\/bcae3dc00fc31286371eb8edc18dfdf4\",\"name\":\"Joshua Evangelista\",\"image\":{\"@type\":\"ImageObject\",\"inLanguage\":\"pt-BR\",\"@id\":\"https:\/\/patrulheiroevangelista.com.br\/#\/schema\/person\/image\/\",\"url\":\"https:\/\/secure.gravatar.com\/avatar\/d27d2f402c0fd218173b28d470bdb67b?s=96&r=g\",\"contentUrl\":\"https:\/\/secure.gravatar.com\/avatar\/d27d2f402c0fd218173b28d470bdb67b?s=96&r=g\",\"caption\":\"Joshua Evangelista\"},\"description\":\"Comunic\u00f3logo, jornalista e cofundador do site desde outubro de 2019.\",\"sameAs\":[\"https:\/\/patrulheiro-evangelista-wordpress-904373-145-223-29-15.traefik.me\"],\"url\":\"https:\/\/patrulheiroevangelista.com.br\/?author=1\"}]}<\/script>\n<!-- \/ Yoast SEO plugin. -->","yoast_head_json":{"title":"Sa\u00fade de Americana passa a oferecer m\u00e9todo contraceptivo de alta efic\u00e1cia e longa dura\u00e7\u00e3o - Patrulheiro Evangelista","robots":{"index":"index","follow":"follow","max-snippet":"max-snippet:-1","max-image-preview":"max-image-preview:large","max-video-preview":"max-video-preview:-1"},"canonical":"https:\/\/patrulheiroevangelista.com.br\/?p=9410","og_locale":"pt_BR","og_type":"article","og_title":"Sa\u00fade de Americana passa a oferecer m\u00e9todo contraceptivo de alta efic\u00e1cia e longa dura\u00e7\u00e3o - Patrulheiro Evangelista","og_description":"Americana passa a oferecer na rede municipal de sa\u00fade a inser\u00e7\u00e3o do Implanon, m\u00e9todo contraceptivo de alta efic\u00e1cia e longa dura\u00e7\u00e3o que agora est\u00e1 dispon\u00edvel de forma gratuita no SUS (Sistema \u00danico de Sa\u00fade). Nesta segunda-feira (16), m\u00e9dicos da fam\u00edlia da rede municipal receberam uma capacita\u00e7\u00e3o te\u00f3rica e pr\u00e1tica sobre o procedimento, na Unidade B\u00e1sica [&hellip;]","og_url":"https:\/\/patrulheiroevangelista.com.br\/?p=9410","og_site_name":"Patrulheiro Evangelista","article_publisher":"https:\/\/www.facebook.com\/patrulheiroevangelista","article_published_time":"2026-03-17T15:48:47+00:00","article_modified_time":"2026-03-17T15:48:48+00:00","og_image":[{"width":2048,"height":1536,"url":"https:\/\/patrulheiroevangelista.com.br\/wp-content\/uploads\/2026\/03\/55150525057_b52ae264e0_k.jpg","type":"image\/jpeg"}],"author":"Joshua Evangelista","twitter_card":"summary_large_image","twitter_misc":{"Escrito por":"Joshua Evangelista","Est. tempo de leitura":"3 minutos"},"schema":{"@context":"https:\/\/schema.org","@graph":[{"@type":"Article","@id":"https:\/\/patrulheiroevangelista.com.br\/?p=9410#article","isPartOf":{"@id":"https:\/\/patrulheiroevangelista.com.br\/?p=9410"},"author":{"name":"Joshua Evangelista","@id":"https:\/\/patrulheiroevangelista.com.br\/#\/schema\/person\/bcae3dc00fc31286371eb8edc18dfdf4"},"headline":"Sa\u00fade de Americana passa a oferecer m\u00e9todo contraceptivo de alta efic\u00e1cia e longa dura\u00e7\u00e3o","datePublished":"2026-03-17T15:48:47+00:00","dateModified":"2026-03-17T15:48:48+00:00","mainEntityOfPage":{"@id":"https:\/\/patrulheiroevangelista.com.br\/?p=9410"},"wordCount":448,"publisher":{"@id":"https:\/\/patrulheiroevangelista.com.br\/#organization"},"image":{"@id":"https:\/\/patrulheiroevangelista.com.br\/?p=9410#primaryimage"},"thumbnailUrl":"https:\/\/patrulheiroevangelista.com.br\/wp-content\/uploads\/2026\/03\/55150525057_b52ae264e0_k.jpg","keywords":["Americana"],"articleSection":["Sa\u00fade"],"inLanguage":"pt-BR"},{"@type":"WebPage","@id":"https:\/\/patrulheiroevangelista.com.br\/?p=9410","url":"https:\/\/patrulheiroevangelista.com.br\/?p=9410","name":"Sa\u00fade de Americana passa a oferecer m\u00e9todo contraceptivo de alta efic\u00e1cia e longa dura\u00e7\u00e3o - Patrulheiro Evangelista","isPartOf":{"@id":"https:\/\/patrulheiroevangelista.com.br\/#website"},"primaryImageOfPage":{"@id":"https:\/\/patrulheiroevangelista.com.br\/?p=9410#primaryimage"},"image":{"@id":"https:\/\/patrulheiroevangelista.com.br\/?p=9410#primaryimage"},"thumbnailUrl":"https:\/\/patrulheiroevangelista.com.br\/wp-content\/uploads\/2026\/03\/55150525057_b52ae264e0_k.jpg","datePublished":"2026-03-17T15:48:47+00:00","dateModified":"2026-03-17T15:48:48+00:00","breadcrumb":{"@id":"https:\/\/patrulheiroevangelista.com.br\/?p=9410#breadcrumb"},"inLanguage":"pt-BR","potentialAction":[{"@type":"ReadAction","target":["https:\/\/patrulheiroevangelista.com.br\/?p=9410"]}]},{"@type":"ImageObject","inLanguage":"pt-BR","@id":"https:\/\/patrulheiroevangelista.com.br\/?p=9410#primaryimage","url":"https:\/\/patrulheiroevangelista.com.br\/wp-content\/uploads\/2026\/03\/55150525057_b52ae264e0_k.jpg","contentUrl":"https:\/\/patrulheiroevangelista.com.br\/wp-content\/uploads\/2026\/03\/55150525057_b52ae264e0_k.jpg","width":2048,"height":1536,"caption":"Foto: Marilia Pierre\/Prefeitura de Americana"},{"@type":"BreadcrumbList","@id":"https:\/\/patrulheiroevangelista.com.br\/?p=9410#breadcrumb","itemListElement":[{"@type":"ListItem","position":1,"name":"In\u00edcio","item":"https:\/\/patrulheiroevangelista.com.br\/"},{"@type":"ListItem","position":2,"name":"Sa\u00fade de Americana passa a oferecer m\u00e9todo contraceptivo de alta efic\u00e1cia e longa dura\u00e7\u00e3o"}]},{"@type":"WebSite","@id":"https:\/\/patrulheiroevangelista.com.br\/#website","url":"https:\/\/patrulheiroevangelista.com.br\/","name":"Patrulheiro Evangelista","description":"","publisher":{"@id":"https:\/\/patrulheiroevangelista.com.br\/#organization"},"potentialAction":[{"@type":"SearchAction","target":{"@type":"EntryPoint","urlTemplate":"https:\/\/patrulheiroevangelista.com.br\/?s={search_term_string}"},"query-input":{"@type":"PropertyValueSpecification","valueRequired":true,"valueName":"search_term_string"}}],"inLanguage":"pt-BR"},{"@type":"Organization","@id":"https:\/\/patrulheiroevangelista.com.br\/#organization","name":"Patrulheiro Evangelista","url":"https:\/\/patrulheiroevangelista.com.br\/","logo":{"@type":"ImageObject","inLanguage":"pt-BR","@id":"https:\/\/patrulheiroevangelista.com.br\/#\/schema\/logo\/image\/","url":"https:\/\/patrulheiroevangelista.com.br\/wp-content\/uploads\/2022\/09\/cropped-cropped-1-300x169-1-1.png","contentUrl":"https:\/\/patrulheiroevangelista.com.br\/wp-content\/uploads\/2022\/09\/cropped-cropped-1-300x169-1-1.png","width":183,"height":103,"caption":"Patrulheiro Evangelista"},"image":{"@id":"https:\/\/patrulheiroevangelista.com.br\/#\/schema\/logo\/image\/"},"sameAs":["https:\/\/www.facebook.com\/patrulheiroevangelista","https:\/\/www.instagram.com\/patrulheiro.evangelista\/"]},{"@type":"Person","@id":"https:\/\/patrulheiroevangelista.com.br\/#\/schema\/person\/bcae3dc00fc31286371eb8edc18dfdf4","name":"Joshua Evangelista","image":{"@type":"ImageObject","inLanguage":"pt-BR","@id":"https:\/\/patrulheiroevangelista.com.br\/#\/schema\/person\/image\/","url":"https:\/\/secure.gravatar.com\/avatar\/d27d2f402c0fd218173b28d470bdb67b?s=96&r=g","contentUrl":"https:\/\/secure.gravatar.com\/avatar\/d27d2f402c0fd218173b28d470bdb67b?s=96&r=g","caption":"Joshua Evangelista"},"description":"Comunic\u00f3logo, jornalista e cofundador do site desde outubro de 2019.","sameAs":["https:\/\/patrulheiro-evangelista-wordpress-904373-145-223-29-15.traefik.me"],"url":"https:\/\/patrulheiroevangelista.com.br\/?author=1"}]}},"_links":{"self":[{"href":"https:\/\/patrulheiroevangelista.com.br\/index.php?rest_route=\/wp\/v2\/posts\/9410","targetHints":{"allow":["GET"]}}],"collection":[{"href":"https:\/\/patrulheiroevangelista.com.br\/index.php?rest_route=\/wp\/v2\/posts"}],"about":[{"href":"https:\/\/patrulheiroevangelista.com.br\/index.php?rest_route=\/wp\/v2\/types\/post"}],"author":[{"embeddable":true,"href":"https:\/\/patrulheiroevangelista.com.br\/index.php?rest_route=\/wp\/v2\/users\/1"}],"replies":[{"embeddable":true,"href":"https:\/\/patrulheiroevangelista.com.br\/index.php?rest_route=%2Fwp%2Fv2%2Fcomments&post=9410"}],"version-history":[{"count":1,"href":"https:\/\/patrulheiroevangelista.com.br\/index.php?rest_route=\/wp\/v2\/posts\/9410\/revisions"}],"predecessor-version":[{"id":9412,"href":"https:\/\/patrulheiroevangelista.com.br\/index.php?rest_route=\/wp\/v2\/posts\/9410\/revisions\/9412"}],"wp:featuredmedia":[{"embeddable":true,"href":"https:\/\/patrulheiroevangelista.com.br\/index.php?rest_route=\/wp\/v2\/media\/9411"}],"wp:attachment":[{"href":"https:\/\/patrulheiroevangelista.com.br\/index.php?rest_route=%2Fwp%2Fv2%2Fmedia&parent=9410"}],"wp:term":[{"taxonomy":"category","embeddable":true,"href":"https:\/\/patrulheiroevangelista.com.br\/index.php?rest_route=%2Fwp%2Fv2%2Fcategories&post=9410"},{"taxonomy":"post_tag","embeddable":true,"href":"https:\/\/patrulheiroevangelista.com.br\/index.php?rest_route=%2Fwp%2Fv2%2Ftags&post=9410"}],"curies":[{"name":"wp","href":"https:\/\/api.w.org\/{rel}","templated":true}]}}