{"id":9399,"date":"2026-03-12T12:33:48","date_gmt":"2026-03-12T15:33:48","guid":{"rendered":"https:\/\/patrulheiroevangelista.com.br\/?p=9399"},"modified":"2026-03-12T12:33:49","modified_gmt":"2026-03-12T15:33:49","slug":"selecao-publica-do-cismetro-tem-18-vagas-na-saude-em-americana-inscricoes-vao-ate-domingo","status":"publish","type":"post","link":"https:\/\/patrulheiroevangelista.com.br\/?p=9399","title":{"rendered":"Sele\u00e7\u00e3o p\u00fablica do Cismetro tem 18 vagas na sa\u00fade em Americana; inscri\u00e7\u00f5es v\u00e3o at\u00e9 domingo"},"content":{"rendered":"\n<p>O Cons\u00f3rcio Intermunicipal de Sa\u00fade da Regi\u00e3o Metropolitana de Campinas (Cismetro) est\u00e1 com inscri\u00e7\u00f5es abertas para a sele\u00e7\u00e3o p\u00fablica para vagas na \u00e1rea da sa\u00fade em Americana e outras cidades da regi\u00e3o. Os interessados em participar devem se inscrever at\u00e9 o pr\u00f3ximo domingo (15) pelo site\u00a0<a href=\"http:\/\/recrutamento-brasil.zoomeduca.com.br\/portal\/candidato\/inscricao\/41\" target=\"_blank\" rel=\"noreferrer noopener\">recrutamento-brasil.zoomeduca.com.br\/portal\/candidato\/inscricao\/41<\/a>.<\/p>\n\n\n\n<p>O edital disponibiliza oportunidades em diferentes fun\u00e7\u00f5es e n\u00edveis de escolaridade. Em Americana, as vagas s\u00e3o para cadastro de reserva nas seguintes fun\u00e7\u00f5es: agente de atendimento pr\u00e9-hospitalar (motorista socorrista), assistente administrativo, auxiliar de almoxarifado, auxiliar de consult\u00f3rio odontol\u00f3gico, cirurgi\u00e3o dentista, cirurgi\u00e3o dentista endodontista, educador f\u00edsico, enfermeiro, farmac\u00eautico, m\u00e9dico auditor, m\u00e9dico regulador, psicopedagogo, recepcionista, t\u00e9cnico de enfermagem, t\u00e9cnico de farm\u00e1cia, t\u00e9cnico de inform\u00e1tica, t\u00e9cnico de manuten\u00e7\u00e3o geral e terapeuta ocupacional.<\/p>\n\n\n\n<p>A taxa de inscri\u00e7\u00e3o \u00e9 de R$ 24,26 para vagas de n\u00edvel superior, R$ 40,41 para n\u00edvel m\u00e9dio\/t\u00e9cnico e R$ 12,03 para n\u00edvel fundamental. A prova objetiva ser\u00e1 aplicada no dia 12 de abril. Para o n\u00edvel superior, o envio dos t\u00edtulos deve ser feito at\u00e9 este domingo (15).<\/p>\n\n\n\n<p>Mais informa\u00e7\u00f5es sobre sal\u00e1rios, carga hor\u00e1ria e requisitos podem ser conferidas no edital completo, dispon\u00edvel no site&nbsp;<a href=\"http:\/\/www.cismetro.com.br\/publicacoes\" target=\"_blank\" rel=\"noreferrer noopener\">www.cismetro.com.br\/publicacoes<\/a>.<\/p>\n\n\n<div class=\"wp-block-image\">\n<figure class=\"aligncenter size-large is-resized\"><img loading=\"lazy\" decoding=\"async\" width=\"1024\" height=\"683\" src=\"https:\/\/patrulheiroevangelista.com.br\/wp-content\/uploads\/2026\/02\/restaurante-mana-1024x683.jpeg\" alt=\"\" class=\"wp-image-9348\" style=\"width:778px;height:auto\" srcset=\"https:\/\/patrulheiroevangelista.com.br\/wp-content\/uploads\/2026\/02\/restaurante-mana-1024x683.jpeg 1024w, https:\/\/patrulheiroevangelista.com.br\/wp-content\/uploads\/2026\/02\/restaurante-mana-300x200.jpeg 300w, https:\/\/patrulheiroevangelista.com.br\/wp-content\/uploads\/2026\/02\/restaurante-mana-768x512.jpeg 768w, https:\/\/patrulheiroevangelista.com.br\/wp-content\/uploads\/2026\/02\/restaurante-mana.jpeg 1536w\" sizes=\"auto, (max-width: 1024px) 100vw, 1024px\" \/><\/figure><\/div>","protected":false},"excerpt":{"rendered":"<p>O Cons\u00f3rcio Intermunicipal de Sa\u00fade da Regi\u00e3o Metropolitana de Campinas (Cismetro) est\u00e1 com inscri\u00e7\u00f5es abertas para a sele\u00e7\u00e3o p\u00fablica para vagas na \u00e1rea da sa\u00fade em Americana e outras cidades da regi\u00e3o. Os interessados em participar devem se inscrever at\u00e9 o pr\u00f3ximo domingo (15) pelo site\u00a0recrutamento-brasil.zoomeduca.com.br\/portal\/candidato\/inscricao\/41. O edital disponibiliza oportunidades em diferentes fun\u00e7\u00f5es e n\u00edveis [&hellip;]<\/p>\n","protected":false},"author":1,"featured_media":9400,"comment_status":"closed","ping_status":"open","sticky":false,"template":"","format":"standard","meta":{"footnotes":""},"categories":[28],"tags":[78,178],"class_list":["post-9399","post","type-post","status-publish","format-standard","has-post-thumbnail","hentry","category-oportunidade","tag-americana","tag-saude"],"yoast_head":"<!-- This site is optimized with the Yoast SEO plugin v26.8 - https:\/\/yoast.com\/product\/yoast-seo-wordpress\/ -->\n<title>Sele\u00e7\u00e3o p\u00fablica do Cismetro tem 18 vagas na sa\u00fade em Americana; inscri\u00e7\u00f5es v\u00e3o at\u00e9 domingo - Patrulheiro Evangelista<\/title>\n<meta name=\"robots\" content=\"index, follow, max-snippet:-1, max-image-preview:large, max-video-preview:-1\" \/>\n<link rel=\"canonical\" href=\"https:\/\/patrulheiroevangelista.com.br\/?p=9399\" \/>\n<meta property=\"og:locale\" content=\"pt_BR\" \/>\n<meta property=\"og:type\" content=\"article\" \/>\n<meta property=\"og:title\" content=\"Sele\u00e7\u00e3o p\u00fablica do Cismetro tem 18 vagas na sa\u00fade em Americana; inscri\u00e7\u00f5es v\u00e3o at\u00e9 domingo - Patrulheiro Evangelista\" \/>\n<meta property=\"og:description\" content=\"O Cons\u00f3rcio Intermunicipal de Sa\u00fade da Regi\u00e3o Metropolitana de Campinas (Cismetro) est\u00e1 com inscri\u00e7\u00f5es abertas para a sele\u00e7\u00e3o p\u00fablica para vagas na \u00e1rea da sa\u00fade em Americana e outras cidades da regi\u00e3o. Os interessados em participar devem se inscrever at\u00e9 o pr\u00f3ximo domingo (15) pelo site\u00a0recrutamento-brasil.zoomeduca.com.br\/portal\/candidato\/inscricao\/41. O edital disponibiliza oportunidades em diferentes fun\u00e7\u00f5es e n\u00edveis [&hellip;]\" \/>\n<meta property=\"og:url\" content=\"https:\/\/patrulheiroevangelista.com.br\/?p=9399\" \/>\n<meta property=\"og:site_name\" content=\"Patrulheiro Evangelista\" \/>\n<meta property=\"article:publisher\" content=\"https:\/\/www.facebook.com\/patrulheiroevangelista\" \/>\n<meta property=\"article:published_time\" content=\"2026-03-12T15:33:48+00:00\" \/>\n<meta property=\"article:modified_time\" content=\"2026-03-12T15:33:49+00:00\" \/>\n<meta property=\"og:image\" content=\"https:\/\/patrulheiroevangelista.com.br\/wp-content\/uploads\/2026\/03\/Secretaria-de-Saude-2-scaled.jpg\" \/>\n\t<meta property=\"og:image:width\" content=\"2560\" \/>\n\t<meta property=\"og:image:height\" content=\"1707\" \/>\n\t<meta property=\"og:image:type\" content=\"image\/jpeg\" \/>\n<meta name=\"author\" content=\"Joshua Evangelista\" \/>\n<meta name=\"twitter:card\" content=\"summary_large_image\" \/>\n<meta name=\"twitter:label1\" content=\"Escrito por\" \/>\n\t<meta name=\"twitter:data1\" content=\"Joshua Evangelista\" \/>\n\t<meta name=\"twitter:label2\" content=\"Est. tempo de leitura\" \/>\n\t<meta name=\"twitter:data2\" content=\"2 minutos\" \/>\n<script type=\"application\/ld+json\" class=\"yoast-schema-graph\">{\"@context\":\"https:\/\/schema.org\",\"@graph\":[{\"@type\":\"Article\",\"@id\":\"https:\/\/patrulheiroevangelista.com.br\/?p=9399#article\",\"isPartOf\":{\"@id\":\"https:\/\/patrulheiroevangelista.com.br\/?p=9399\"},\"author\":{\"name\":\"Joshua Evangelista\",\"@id\":\"https:\/\/patrulheiroevangelista.com.br\/#\/schema\/person\/bcae3dc00fc31286371eb8edc18dfdf4\"},\"headline\":\"Sele\u00e7\u00e3o p\u00fablica do Cismetro tem 18 vagas na sa\u00fade em Americana; inscri\u00e7\u00f5es v\u00e3o at\u00e9 domingo\",\"datePublished\":\"2026-03-12T15:33:48+00:00\",\"dateModified\":\"2026-03-12T15:33:49+00:00\",\"mainEntityOfPage\":{\"@id\":\"https:\/\/patrulheiroevangelista.com.br\/?p=9399\"},\"wordCount\":248,\"publisher\":{\"@id\":\"https:\/\/patrulheiroevangelista.com.br\/#organization\"},\"image\":{\"@id\":\"https:\/\/patrulheiroevangelista.com.br\/?p=9399#primaryimage\"},\"thumbnailUrl\":\"https:\/\/patrulheiroevangelista.com.br\/wp-content\/uploads\/2026\/03\/Secretaria-de-Saude-2-scaled.jpg\",\"keywords\":[\"Americana\",\"Sa\u00fade\"],\"articleSection\":[\"Oportunidade\"],\"inLanguage\":\"pt-BR\"},{\"@type\":\"WebPage\",\"@id\":\"https:\/\/patrulheiroevangelista.com.br\/?p=9399\",\"url\":\"https:\/\/patrulheiroevangelista.com.br\/?p=9399\",\"name\":\"Sele\u00e7\u00e3o p\u00fablica do Cismetro tem 18 vagas na sa\u00fade em Americana; inscri\u00e7\u00f5es v\u00e3o at\u00e9 domingo - Patrulheiro Evangelista\",\"isPartOf\":{\"@id\":\"https:\/\/patrulheiroevangelista.com.br\/#website\"},\"primaryImageOfPage\":{\"@id\":\"https:\/\/patrulheiroevangelista.com.br\/?p=9399#primaryimage\"},\"image\":{\"@id\":\"https:\/\/patrulheiroevangelista.com.br\/?p=9399#primaryimage\"},\"thumbnailUrl\":\"https:\/\/patrulheiroevangelista.com.br\/wp-content\/uploads\/2026\/03\/Secretaria-de-Saude-2-scaled.jpg\",\"datePublished\":\"2026-03-12T15:33:48+00:00\",\"dateModified\":\"2026-03-12T15:33:49+00:00\",\"breadcrumb\":{\"@id\":\"https:\/\/patrulheiroevangelista.com.br\/?p=9399#breadcrumb\"},\"inLanguage\":\"pt-BR\",\"potentialAction\":[{\"@type\":\"ReadAction\",\"target\":[\"https:\/\/patrulheiroevangelista.com.br\/?p=9399\"]}]},{\"@type\":\"ImageObject\",\"inLanguage\":\"pt-BR\",\"@id\":\"https:\/\/patrulheiroevangelista.com.br\/?p=9399#primaryimage\",\"url\":\"https:\/\/patrulheiroevangelista.com.br\/wp-content\/uploads\/2026\/03\/Secretaria-de-Saude-2-scaled.jpg\",\"contentUrl\":\"https:\/\/patrulheiroevangelista.com.br\/wp-content\/uploads\/2026\/03\/Secretaria-de-Saude-2-scaled.jpg\",\"width\":2560,\"height\":1707,\"caption\":\"Foto: Divulga\u00e7\u00e3o\"},{\"@type\":\"BreadcrumbList\",\"@id\":\"https:\/\/patrulheiroevangelista.com.br\/?p=9399#breadcrumb\",\"itemListElement\":[{\"@type\":\"ListItem\",\"position\":1,\"name\":\"In\u00edcio\",\"item\":\"https:\/\/patrulheiroevangelista.com.br\/\"},{\"@type\":\"ListItem\",\"position\":2,\"name\":\"Sele\u00e7\u00e3o p\u00fablica do Cismetro tem 18 vagas na sa\u00fade em Americana; inscri\u00e7\u00f5es v\u00e3o at\u00e9 domingo\"}]},{\"@type\":\"WebSite\",\"@id\":\"https:\/\/patrulheiroevangelista.com.br\/#website\",\"url\":\"https:\/\/patrulheiroevangelista.com.br\/\",\"name\":\"Patrulheiro Evangelista\",\"description\":\"\",\"publisher\":{\"@id\":\"https:\/\/patrulheiroevangelista.com.br\/#organization\"},\"potentialAction\":[{\"@type\":\"SearchAction\",\"target\":{\"@type\":\"EntryPoint\",\"urlTemplate\":\"https:\/\/patrulheiroevangelista.com.br\/?s={search_term_string}\"},\"query-input\":{\"@type\":\"PropertyValueSpecification\",\"valueRequired\":true,\"valueName\":\"search_term_string\"}}],\"inLanguage\":\"pt-BR\"},{\"@type\":\"Organization\",\"@id\":\"https:\/\/patrulheiroevangelista.com.br\/#organization\",\"name\":\"Patrulheiro Evangelista\",\"url\":\"https:\/\/patrulheiroevangelista.com.br\/\",\"logo\":{\"@type\":\"ImageObject\",\"inLanguage\":\"pt-BR\",\"@id\":\"https:\/\/patrulheiroevangelista.com.br\/#\/schema\/logo\/image\/\",\"url\":\"https:\/\/patrulheiroevangelista.com.br\/wp-content\/uploads\/2022\/09\/cropped-cropped-1-300x169-1-1.png\",\"contentUrl\":\"https:\/\/patrulheiroevangelista.com.br\/wp-content\/uploads\/2022\/09\/cropped-cropped-1-300x169-1-1.png\",\"width\":183,\"height\":103,\"caption\":\"Patrulheiro Evangelista\"},\"image\":{\"@id\":\"https:\/\/patrulheiroevangelista.com.br\/#\/schema\/logo\/image\/\"},\"sameAs\":[\"https:\/\/www.facebook.com\/patrulheiroevangelista\",\"https:\/\/www.instagram.com\/patrulheiro.evangelista\/\"]},{\"@type\":\"Person\",\"@id\":\"https:\/\/patrulheiroevangelista.com.br\/#\/schema\/person\/bcae3dc00fc31286371eb8edc18dfdf4\",\"name\":\"Joshua Evangelista\",\"image\":{\"@type\":\"ImageObject\",\"inLanguage\":\"pt-BR\",\"@id\":\"https:\/\/patrulheiroevangelista.com.br\/#\/schema\/person\/image\/\",\"url\":\"https:\/\/secure.gravatar.com\/avatar\/d27d2f402c0fd218173b28d470bdb67b?s=96&r=g\",\"contentUrl\":\"https:\/\/secure.gravatar.com\/avatar\/d27d2f402c0fd218173b28d470bdb67b?s=96&r=g\",\"caption\":\"Joshua Evangelista\"},\"description\":\"Comunic\u00f3logo, jornalista e cofundador do site desde outubro de 2019.\",\"sameAs\":[\"https:\/\/patrulheiro-evangelista-wordpress-904373-145-223-29-15.traefik.me\"],\"url\":\"https:\/\/patrulheiroevangelista.com.br\/?author=1\"}]}<\/script>\n<!-- \/ Yoast SEO plugin. -->","yoast_head_json":{"title":"Sele\u00e7\u00e3o p\u00fablica do Cismetro tem 18 vagas na sa\u00fade em Americana; inscri\u00e7\u00f5es v\u00e3o at\u00e9 domingo - Patrulheiro Evangelista","robots":{"index":"index","follow":"follow","max-snippet":"max-snippet:-1","max-image-preview":"max-image-preview:large","max-video-preview":"max-video-preview:-1"},"canonical":"https:\/\/patrulheiroevangelista.com.br\/?p=9399","og_locale":"pt_BR","og_type":"article","og_title":"Sele\u00e7\u00e3o p\u00fablica do Cismetro tem 18 vagas na sa\u00fade em Americana; inscri\u00e7\u00f5es v\u00e3o at\u00e9 domingo - Patrulheiro Evangelista","og_description":"O Cons\u00f3rcio Intermunicipal de Sa\u00fade da Regi\u00e3o Metropolitana de Campinas (Cismetro) est\u00e1 com inscri\u00e7\u00f5es abertas para a sele\u00e7\u00e3o p\u00fablica para vagas na \u00e1rea da sa\u00fade em Americana e outras cidades da regi\u00e3o. Os interessados em participar devem se inscrever at\u00e9 o pr\u00f3ximo domingo (15) pelo site\u00a0recrutamento-brasil.zoomeduca.com.br\/portal\/candidato\/inscricao\/41. O edital disponibiliza oportunidades em diferentes fun\u00e7\u00f5es e n\u00edveis [&hellip;]","og_url":"https:\/\/patrulheiroevangelista.com.br\/?p=9399","og_site_name":"Patrulheiro Evangelista","article_publisher":"https:\/\/www.facebook.com\/patrulheiroevangelista","article_published_time":"2026-03-12T15:33:48+00:00","article_modified_time":"2026-03-12T15:33:49+00:00","og_image":[{"width":2560,"height":1707,"url":"https:\/\/patrulheiroevangelista.com.br\/wp-content\/uploads\/2026\/03\/Secretaria-de-Saude-2-scaled.jpg","type":"image\/jpeg"}],"author":"Joshua Evangelista","twitter_card":"summary_large_image","twitter_misc":{"Escrito por":"Joshua Evangelista","Est. tempo de leitura":"2 minutos"},"schema":{"@context":"https:\/\/schema.org","@graph":[{"@type":"Article","@id":"https:\/\/patrulheiroevangelista.com.br\/?p=9399#article","isPartOf":{"@id":"https:\/\/patrulheiroevangelista.com.br\/?p=9399"},"author":{"name":"Joshua Evangelista","@id":"https:\/\/patrulheiroevangelista.com.br\/#\/schema\/person\/bcae3dc00fc31286371eb8edc18dfdf4"},"headline":"Sele\u00e7\u00e3o p\u00fablica do Cismetro tem 18 vagas na sa\u00fade em Americana; inscri\u00e7\u00f5es v\u00e3o at\u00e9 domingo","datePublished":"2026-03-12T15:33:48+00:00","dateModified":"2026-03-12T15:33:49+00:00","mainEntityOfPage":{"@id":"https:\/\/patrulheiroevangelista.com.br\/?p=9399"},"wordCount":248,"publisher":{"@id":"https:\/\/patrulheiroevangelista.com.br\/#organization"},"image":{"@id":"https:\/\/patrulheiroevangelista.com.br\/?p=9399#primaryimage"},"thumbnailUrl":"https:\/\/patrulheiroevangelista.com.br\/wp-content\/uploads\/2026\/03\/Secretaria-de-Saude-2-scaled.jpg","keywords":["Americana","Sa\u00fade"],"articleSection":["Oportunidade"],"inLanguage":"pt-BR"},{"@type":"WebPage","@id":"https:\/\/patrulheiroevangelista.com.br\/?p=9399","url":"https:\/\/patrulheiroevangelista.com.br\/?p=9399","name":"Sele\u00e7\u00e3o p\u00fablica do Cismetro tem 18 vagas na sa\u00fade em Americana; inscri\u00e7\u00f5es v\u00e3o at\u00e9 domingo - Patrulheiro Evangelista","isPartOf":{"@id":"https:\/\/patrulheiroevangelista.com.br\/#website"},"primaryImageOfPage":{"@id":"https:\/\/patrulheiroevangelista.com.br\/?p=9399#primaryimage"},"image":{"@id":"https:\/\/patrulheiroevangelista.com.br\/?p=9399#primaryimage"},"thumbnailUrl":"https:\/\/patrulheiroevangelista.com.br\/wp-content\/uploads\/2026\/03\/Secretaria-de-Saude-2-scaled.jpg","datePublished":"2026-03-12T15:33:48+00:00","dateModified":"2026-03-12T15:33:49+00:00","breadcrumb":{"@id":"https:\/\/patrulheiroevangelista.com.br\/?p=9399#breadcrumb"},"inLanguage":"pt-BR","potentialAction":[{"@type":"ReadAction","target":["https:\/\/patrulheiroevangelista.com.br\/?p=9399"]}]},{"@type":"ImageObject","inLanguage":"pt-BR","@id":"https:\/\/patrulheiroevangelista.com.br\/?p=9399#primaryimage","url":"https:\/\/patrulheiroevangelista.com.br\/wp-content\/uploads\/2026\/03\/Secretaria-de-Saude-2-scaled.jpg","contentUrl":"https:\/\/patrulheiroevangelista.com.br\/wp-content\/uploads\/2026\/03\/Secretaria-de-Saude-2-scaled.jpg","width":2560,"height":1707,"caption":"Foto: Divulga\u00e7\u00e3o"},{"@type":"BreadcrumbList","@id":"https:\/\/patrulheiroevangelista.com.br\/?p=9399#breadcrumb","itemListElement":[{"@type":"ListItem","position":1,"name":"In\u00edcio","item":"https:\/\/patrulheiroevangelista.com.br\/"},{"@type":"ListItem","position":2,"name":"Sele\u00e7\u00e3o p\u00fablica do Cismetro tem 18 vagas na sa\u00fade em Americana; inscri\u00e7\u00f5es v\u00e3o at\u00e9 domingo"}]},{"@type":"WebSite","@id":"https:\/\/patrulheiroevangelista.com.br\/#website","url":"https:\/\/patrulheiroevangelista.com.br\/","name":"Patrulheiro Evangelista","description":"","publisher":{"@id":"https:\/\/patrulheiroevangelista.com.br\/#organization"},"potentialAction":[{"@type":"SearchAction","target":{"@type":"EntryPoint","urlTemplate":"https:\/\/patrulheiroevangelista.com.br\/?s={search_term_string}"},"query-input":{"@type":"PropertyValueSpecification","valueRequired":true,"valueName":"search_term_string"}}],"inLanguage":"pt-BR"},{"@type":"Organization","@id":"https:\/\/patrulheiroevangelista.com.br\/#organization","name":"Patrulheiro Evangelista","url":"https:\/\/patrulheiroevangelista.com.br\/","logo":{"@type":"ImageObject","inLanguage":"pt-BR","@id":"https:\/\/patrulheiroevangelista.com.br\/#\/schema\/logo\/image\/","url":"https:\/\/patrulheiroevangelista.com.br\/wp-content\/uploads\/2022\/09\/cropped-cropped-1-300x169-1-1.png","contentUrl":"https:\/\/patrulheiroevangelista.com.br\/wp-content\/uploads\/2022\/09\/cropped-cropped-1-300x169-1-1.png","width":183,"height":103,"caption":"Patrulheiro Evangelista"},"image":{"@id":"https:\/\/patrulheiroevangelista.com.br\/#\/schema\/logo\/image\/"},"sameAs":["https:\/\/www.facebook.com\/patrulheiroevangelista","https:\/\/www.instagram.com\/patrulheiro.evangelista\/"]},{"@type":"Person","@id":"https:\/\/patrulheiroevangelista.com.br\/#\/schema\/person\/bcae3dc00fc31286371eb8edc18dfdf4","name":"Joshua Evangelista","image":{"@type":"ImageObject","inLanguage":"pt-BR","@id":"https:\/\/patrulheiroevangelista.com.br\/#\/schema\/person\/image\/","url":"https:\/\/secure.gravatar.com\/avatar\/d27d2f402c0fd218173b28d470bdb67b?s=96&r=g","contentUrl":"https:\/\/secure.gravatar.com\/avatar\/d27d2f402c0fd218173b28d470bdb67b?s=96&r=g","caption":"Joshua Evangelista"},"description":"Comunic\u00f3logo, jornalista e cofundador do site desde outubro de 2019.","sameAs":["https:\/\/patrulheiro-evangelista-wordpress-904373-145-223-29-15.traefik.me"],"url":"https:\/\/patrulheiroevangelista.com.br\/?author=1"}]}},"_links":{"self":[{"href":"https:\/\/patrulheiroevangelista.com.br\/index.php?rest_route=\/wp\/v2\/posts\/9399","targetHints":{"allow":["GET"]}}],"collection":[{"href":"https:\/\/patrulheiroevangelista.com.br\/index.php?rest_route=\/wp\/v2\/posts"}],"about":[{"href":"https:\/\/patrulheiroevangelista.com.br\/index.php?rest_route=\/wp\/v2\/types\/post"}],"author":[{"embeddable":true,"href":"https:\/\/patrulheiroevangelista.com.br\/index.php?rest_route=\/wp\/v2\/users\/1"}],"replies":[{"embeddable":true,"href":"https:\/\/patrulheiroevangelista.com.br\/index.php?rest_route=%2Fwp%2Fv2%2Fcomments&post=9399"}],"version-history":[{"count":1,"href":"https:\/\/patrulheiroevangelista.com.br\/index.php?rest_route=\/wp\/v2\/posts\/9399\/revisions"}],"predecessor-version":[{"id":9401,"href":"https:\/\/patrulheiroevangelista.com.br\/index.php?rest_route=\/wp\/v2\/posts\/9399\/revisions\/9401"}],"wp:featuredmedia":[{"embeddable":true,"href":"https:\/\/patrulheiroevangelista.com.br\/index.php?rest_route=\/wp\/v2\/media\/9400"}],"wp:attachment":[{"href":"https:\/\/patrulheiroevangelista.com.br\/index.php?rest_route=%2Fwp%2Fv2%2Fmedia&parent=9399"}],"wp:term":[{"taxonomy":"category","embeddable":true,"href":"https:\/\/patrulheiroevangelista.com.br\/index.php?rest_route=%2Fwp%2Fv2%2Fcategories&post=9399"},{"taxonomy":"post_tag","embeddable":true,"href":"https:\/\/patrulheiroevangelista.com.br\/index.php?rest_route=%2Fwp%2Fv2%2Ftags&post=9399"}],"curies":[{"name":"wp","href":"https:\/\/api.w.org\/{rel}","templated":true}]}}