{"id":9305,"date":"2026-01-30T12:46:54","date_gmt":"2026-01-30T15:46:54","guid":{"rendered":"https:\/\/patrulheiroevangelista.com.br\/?p=9305"},"modified":"2026-01-30T12:46:55","modified_gmt":"2026-01-30T15:46:55","slug":"fundo-social-segue-com-campanha-para-atender-familias-atingidas-por-alagamentos-no-sao-manoel","status":"publish","type":"post","link":"https:\/\/patrulheiroevangelista.com.br\/?p=9305","title":{"rendered":"Fundo Social segue com campanha para atender fam\u00edlias atingidas por alagamentos no S\u00e3o Manoel"},"content":{"rendered":"\n<p>A Prefeitura de Americana, por meio da Secretaria de Assist\u00eancia Social e Direitos Humanos (SASDH) e do Fundo Social de Solidariedade, realiza uma for\u00e7a-tarefa para atender as fam\u00edlias que tiveram im\u00f3veis atingidos por alagamentos na \u00faltima quarta-feira (28), na Rua Santo Onofre, no bairro S\u00e3o Manoel.<\/p>\n\n\n\n<p>Equipes da SASDH, com apoio do Servi\u00e7o Especializado de Abordagem Social (SEAS), prestaram atendimento \u00e0s fam\u00edlias afetadas, com encaminhamentos para servi\u00e7os de sa\u00fade, acolhimento de mulheres e crian\u00e7as em abrigos e entrega de alimentos, entre outras medidas emergenciais.<\/p>\n\n\n\n<p>De acordo com a diretora de Assist\u00eancia Social e Direitos Humanos, Beatriz Betoli Bezerra, duas fam\u00edlias precisaram de abrigo tempor\u00e1rio. \u201cAs fam\u00edlias receberam cuidados e aten\u00e7\u00e3o para garantir a seguran\u00e7a. O trabalho segue agora com o atendimento das demandas como alimenta\u00e7\u00e3o, roupas e outras necessidades\u201d, explicou.<\/p>\n\n\n\n<p>Para refor\u00e7ar o suporte neste momento, o Fundo Social de Solidariedade de Americana iniciou uma campanha de arrecada\u00e7\u00e3o de doa\u00e7\u00f5es junto \u00e0 popula\u00e7\u00e3o, com o objetivo de atender \u00e0s necessidades imediatas das fam\u00edlias atingidas.<\/p>\n\n\n\n<p>Com o objetivo de agilizar o atendimento, em parceria com a Cruzada das Senhoras Cat\u00f3licas, foi estruturado um ponto de apoio no sal\u00e3o da entidade, localizado na Rua Santo Onofre, n\u00ba 211.<\/p>\n\n\n\n<p>No local, podem ser entregues \u2013 de segunda a sexta-feira, das 8h30 \u00e0s 14h30 \u2013 doa\u00e7\u00f5es de roupas, cal\u00e7ados, alimentos, len\u00e7\u00f3is, cobertores, produtos de limpeza, colch\u00f5es, m\u00f3veis, fog\u00f5es e itens de higiene pessoal.<\/p>\n\n\n\n<p>As fortes chuvas atingiram o munic\u00edpio na tarde de quarta-feira e provocaram alerta da Defesa Civil do Estado. Em cerca de 1h20, foram registrados 62 mil\u00edmetros de chuva, segundo o coordenador da Defesa Civil do munic\u00edpio, Jo\u00e3o Miletta.<\/p>\n\n\n\n<p>\u201cO volume de \u00e1gua foi muito elevado em um curto espa\u00e7o de tempo, o que causou enchentes. As equipes da Defesa Civil, juntamente com os \u00f3rg\u00e3os de emerg\u00eancia e seguran\u00e7a, atuaram de forma imediata para atender as ocorr\u00eancias e proteger a popula\u00e7\u00e3o\u201d, destacou Miletta.<\/p>\n\n\n\n<p>Com diversas frentes de atua\u00e7\u00e3o, desde quarta-feira as equipes da Prefeitura executam servi\u00e7os de limpeza, recolhimento de galhos, poda de \u00e1rvores, recupera\u00e7\u00e3o do asfalto e manuten\u00e7\u00e3o de ruas e avenidas.<\/p>\n\n\n<div class=\"wp-block-image\">\n<figure class=\"aligncenter size-full is-resized\"><img loading=\"lazy\" decoding=\"async\" width=\"970\" height=\"250\" src=\"https:\/\/patrulheiroevangelista.com.br\/wp-content\/uploads\/2025\/06\/tatu.png\" alt=\"\" class=\"wp-image-8497\" style=\"width:784px;height:auto\" srcset=\"https:\/\/patrulheiroevangelista.com.br\/wp-content\/uploads\/2025\/06\/tatu.png 970w, https:\/\/patrulheiroevangelista.com.br\/wp-content\/uploads\/2025\/06\/tatu-300x77.png 300w, https:\/\/patrulheiroevangelista.com.br\/wp-content\/uploads\/2025\/06\/tatu-768x198.png 768w\" sizes=\"auto, (max-width: 970px) 100vw, 970px\" \/><\/figure><\/div>","protected":false},"excerpt":{"rendered":"<p>A Prefeitura de Americana, por meio da Secretaria de Assist\u00eancia Social e Direitos Humanos (SASDH) e do Fundo Social de Solidariedade, realiza uma for\u00e7a-tarefa para atender as fam\u00edlias que tiveram im\u00f3veis atingidos por alagamentos na \u00faltima quarta-feira (28), na Rua Santo Onofre, no bairro S\u00e3o Manoel. Equipes da SASDH, com apoio do Servi\u00e7o Especializado de [&hellip;]<\/p>\n","protected":false},"author":1,"featured_media":9306,"comment_status":"closed","ping_status":"open","sticky":false,"template":"","format":"standard","meta":{"footnotes":""},"categories":[29],"tags":[],"class_list":["post-9305","post","type-post","status-publish","format-standard","has-post-thumbnail","hentry","category-americana"],"yoast_head":"<!-- This site is optimized with the Yoast SEO plugin v26.8 - https:\/\/yoast.com\/product\/yoast-seo-wordpress\/ -->\n<title>Fundo Social segue com campanha para atender fam\u00edlias atingidas por alagamentos no S\u00e3o Manoel - Patrulheiro Evangelista<\/title>\n<meta name=\"robots\" content=\"index, follow, max-snippet:-1, max-image-preview:large, max-video-preview:-1\" \/>\n<link rel=\"canonical\" href=\"https:\/\/patrulheiroevangelista.com.br\/?p=9305\" \/>\n<meta property=\"og:locale\" content=\"pt_BR\" \/>\n<meta property=\"og:type\" content=\"article\" \/>\n<meta property=\"og:title\" content=\"Fundo Social segue com campanha para atender fam\u00edlias atingidas por alagamentos no S\u00e3o Manoel - Patrulheiro Evangelista\" \/>\n<meta property=\"og:description\" content=\"A Prefeitura de Americana, por meio da Secretaria de Assist\u00eancia Social e Direitos Humanos (SASDH) e do Fundo Social de Solidariedade, realiza uma for\u00e7a-tarefa para atender as fam\u00edlias que tiveram im\u00f3veis atingidos por alagamentos na \u00faltima quarta-feira (28), na Rua Santo Onofre, no bairro S\u00e3o Manoel. Equipes da SASDH, com apoio do Servi\u00e7o Especializado de [&hellip;]\" \/>\n<meta property=\"og:url\" content=\"https:\/\/patrulheiroevangelista.com.br\/?p=9305\" \/>\n<meta property=\"og:site_name\" content=\"Patrulheiro Evangelista\" \/>\n<meta property=\"article:publisher\" content=\"https:\/\/www.facebook.com\/patrulheiroevangelista\" \/>\n<meta property=\"article:published_time\" content=\"2026-01-30T15:46:54+00:00\" \/>\n<meta property=\"article:modified_time\" content=\"2026-01-30T15:46:55+00:00\" \/>\n<meta property=\"og:image\" content=\"https:\/\/patrulheiroevangelista.com.br\/wp-content\/uploads\/2026\/01\/55067663909_297c9e6579_b.jpg\" \/>\n\t<meta property=\"og:image:width\" content=\"1024\" \/>\n\t<meta property=\"og:image:height\" content=\"768\" \/>\n\t<meta property=\"og:image:type\" content=\"image\/jpeg\" \/>\n<meta name=\"author\" content=\"Joshua Evangelista\" \/>\n<meta name=\"twitter:card\" content=\"summary_large_image\" \/>\n<meta name=\"twitter:label1\" content=\"Escrito por\" \/>\n\t<meta name=\"twitter:data1\" content=\"Joshua Evangelista\" \/>\n\t<meta name=\"twitter:label2\" content=\"Est. tempo de leitura\" \/>\n\t<meta name=\"twitter:data2\" content=\"3 minutos\" \/>\n<script type=\"application\/ld+json\" class=\"yoast-schema-graph\">{\"@context\":\"https:\/\/schema.org\",\"@graph\":[{\"@type\":\"Article\",\"@id\":\"https:\/\/patrulheiroevangelista.com.br\/?p=9305#article\",\"isPartOf\":{\"@id\":\"https:\/\/patrulheiroevangelista.com.br\/?p=9305\"},\"author\":{\"name\":\"Joshua Evangelista\",\"@id\":\"https:\/\/patrulheiroevangelista.com.br\/#\/schema\/person\/bcae3dc00fc31286371eb8edc18dfdf4\"},\"headline\":\"Fundo Social segue com campanha para atender fam\u00edlias atingidas por alagamentos no S\u00e3o Manoel\",\"datePublished\":\"2026-01-30T15:46:54+00:00\",\"dateModified\":\"2026-01-30T15:46:55+00:00\",\"mainEntityOfPage\":{\"@id\":\"https:\/\/patrulheiroevangelista.com.br\/?p=9305\"},\"wordCount\":395,\"publisher\":{\"@id\":\"https:\/\/patrulheiroevangelista.com.br\/#organization\"},\"image\":{\"@id\":\"https:\/\/patrulheiroevangelista.com.br\/?p=9305#primaryimage\"},\"thumbnailUrl\":\"https:\/\/patrulheiroevangelista.com.br\/wp-content\/uploads\/2026\/01\/55067663909_297c9e6579_b.jpg\",\"articleSection\":[\"Americana\"],\"inLanguage\":\"pt-BR\"},{\"@type\":\"WebPage\",\"@id\":\"https:\/\/patrulheiroevangelista.com.br\/?p=9305\",\"url\":\"https:\/\/patrulheiroevangelista.com.br\/?p=9305\",\"name\":\"Fundo Social segue com campanha para atender fam\u00edlias atingidas por alagamentos no S\u00e3o Manoel - Patrulheiro Evangelista\",\"isPartOf\":{\"@id\":\"https:\/\/patrulheiroevangelista.com.br\/#website\"},\"primaryImageOfPage\":{\"@id\":\"https:\/\/patrulheiroevangelista.com.br\/?p=9305#primaryimage\"},\"image\":{\"@id\":\"https:\/\/patrulheiroevangelista.com.br\/?p=9305#primaryimage\"},\"thumbnailUrl\":\"https:\/\/patrulheiroevangelista.com.br\/wp-content\/uploads\/2026\/01\/55067663909_297c9e6579_b.jpg\",\"datePublished\":\"2026-01-30T15:46:54+00:00\",\"dateModified\":\"2026-01-30T15:46:55+00:00\",\"breadcrumb\":{\"@id\":\"https:\/\/patrulheiroevangelista.com.br\/?p=9305#breadcrumb\"},\"inLanguage\":\"pt-BR\",\"potentialAction\":[{\"@type\":\"ReadAction\",\"target\":[\"https:\/\/patrulheiroevangelista.com.br\/?p=9305\"]}]},{\"@type\":\"ImageObject\",\"inLanguage\":\"pt-BR\",\"@id\":\"https:\/\/patrulheiroevangelista.com.br\/?p=9305#primaryimage\",\"url\":\"https:\/\/patrulheiroevangelista.com.br\/wp-content\/uploads\/2026\/01\/55067663909_297c9e6579_b.jpg\",\"contentUrl\":\"https:\/\/patrulheiroevangelista.com.br\/wp-content\/uploads\/2026\/01\/55067663909_297c9e6579_b.jpg\",\"width\":1024,\"height\":768,\"caption\":\"Foto: Mar\u00edlia Pierre\/Prefeitura de Americana\"},{\"@type\":\"BreadcrumbList\",\"@id\":\"https:\/\/patrulheiroevangelista.com.br\/?p=9305#breadcrumb\",\"itemListElement\":[{\"@type\":\"ListItem\",\"position\":1,\"name\":\"In\u00edcio\",\"item\":\"https:\/\/patrulheiroevangelista.com.br\/\"},{\"@type\":\"ListItem\",\"position\":2,\"name\":\"Fundo Social segue com campanha para atender fam\u00edlias atingidas por alagamentos no S\u00e3o Manoel\"}]},{\"@type\":\"WebSite\",\"@id\":\"https:\/\/patrulheiroevangelista.com.br\/#website\",\"url\":\"https:\/\/patrulheiroevangelista.com.br\/\",\"name\":\"Patrulheiro Evangelista\",\"description\":\"\",\"publisher\":{\"@id\":\"https:\/\/patrulheiroevangelista.com.br\/#organization\"},\"potentialAction\":[{\"@type\":\"SearchAction\",\"target\":{\"@type\":\"EntryPoint\",\"urlTemplate\":\"https:\/\/patrulheiroevangelista.com.br\/?s={search_term_string}\"},\"query-input\":{\"@type\":\"PropertyValueSpecification\",\"valueRequired\":true,\"valueName\":\"search_term_string\"}}],\"inLanguage\":\"pt-BR\"},{\"@type\":\"Organization\",\"@id\":\"https:\/\/patrulheiroevangelista.com.br\/#organization\",\"name\":\"Patrulheiro Evangelista\",\"url\":\"https:\/\/patrulheiroevangelista.com.br\/\",\"logo\":{\"@type\":\"ImageObject\",\"inLanguage\":\"pt-BR\",\"@id\":\"https:\/\/patrulheiroevangelista.com.br\/#\/schema\/logo\/image\/\",\"url\":\"https:\/\/patrulheiroevangelista.com.br\/wp-content\/uploads\/2022\/09\/cropped-cropped-1-300x169-1-1.png\",\"contentUrl\":\"https:\/\/patrulheiroevangelista.com.br\/wp-content\/uploads\/2022\/09\/cropped-cropped-1-300x169-1-1.png\",\"width\":183,\"height\":103,\"caption\":\"Patrulheiro Evangelista\"},\"image\":{\"@id\":\"https:\/\/patrulheiroevangelista.com.br\/#\/schema\/logo\/image\/\"},\"sameAs\":[\"https:\/\/www.facebook.com\/patrulheiroevangelista\",\"https:\/\/www.instagram.com\/patrulheiro.evangelista\/\"]},{\"@type\":\"Person\",\"@id\":\"https:\/\/patrulheiroevangelista.com.br\/#\/schema\/person\/bcae3dc00fc31286371eb8edc18dfdf4\",\"name\":\"Joshua Evangelista\",\"image\":{\"@type\":\"ImageObject\",\"inLanguage\":\"pt-BR\",\"@id\":\"https:\/\/patrulheiroevangelista.com.br\/#\/schema\/person\/image\/\",\"url\":\"https:\/\/secure.gravatar.com\/avatar\/d27d2f402c0fd218173b28d470bdb67b?s=96&r=g\",\"contentUrl\":\"https:\/\/secure.gravatar.com\/avatar\/d27d2f402c0fd218173b28d470bdb67b?s=96&r=g\",\"caption\":\"Joshua Evangelista\"},\"description\":\"Comunic\u00f3logo, jornalista e cofundador do site desde outubro de 2019.\",\"sameAs\":[\"https:\/\/patrulheiro-evangelista-wordpress-904373-145-223-29-15.traefik.me\"],\"url\":\"https:\/\/patrulheiroevangelista.com.br\/?author=1\"}]}<\/script>\n<!-- \/ Yoast SEO plugin. -->","yoast_head_json":{"title":"Fundo Social segue com campanha para atender fam\u00edlias atingidas por alagamentos no S\u00e3o Manoel - Patrulheiro Evangelista","robots":{"index":"index","follow":"follow","max-snippet":"max-snippet:-1","max-image-preview":"max-image-preview:large","max-video-preview":"max-video-preview:-1"},"canonical":"https:\/\/patrulheiroevangelista.com.br\/?p=9305","og_locale":"pt_BR","og_type":"article","og_title":"Fundo Social segue com campanha para atender fam\u00edlias atingidas por alagamentos no S\u00e3o Manoel - Patrulheiro Evangelista","og_description":"A Prefeitura de Americana, por meio da Secretaria de Assist\u00eancia Social e Direitos Humanos (SASDH) e do Fundo Social de Solidariedade, realiza uma for\u00e7a-tarefa para atender as fam\u00edlias que tiveram im\u00f3veis atingidos por alagamentos na \u00faltima quarta-feira (28), na Rua Santo Onofre, no bairro S\u00e3o Manoel. Equipes da SASDH, com apoio do Servi\u00e7o Especializado de [&hellip;]","og_url":"https:\/\/patrulheiroevangelista.com.br\/?p=9305","og_site_name":"Patrulheiro Evangelista","article_publisher":"https:\/\/www.facebook.com\/patrulheiroevangelista","article_published_time":"2026-01-30T15:46:54+00:00","article_modified_time":"2026-01-30T15:46:55+00:00","og_image":[{"width":1024,"height":768,"url":"https:\/\/patrulheiroevangelista.com.br\/wp-content\/uploads\/2026\/01\/55067663909_297c9e6579_b.jpg","type":"image\/jpeg"}],"author":"Joshua Evangelista","twitter_card":"summary_large_image","twitter_misc":{"Escrito por":"Joshua Evangelista","Est. tempo de leitura":"3 minutos"},"schema":{"@context":"https:\/\/schema.org","@graph":[{"@type":"Article","@id":"https:\/\/patrulheiroevangelista.com.br\/?p=9305#article","isPartOf":{"@id":"https:\/\/patrulheiroevangelista.com.br\/?p=9305"},"author":{"name":"Joshua Evangelista","@id":"https:\/\/patrulheiroevangelista.com.br\/#\/schema\/person\/bcae3dc00fc31286371eb8edc18dfdf4"},"headline":"Fundo Social segue com campanha para atender fam\u00edlias atingidas por alagamentos no S\u00e3o Manoel","datePublished":"2026-01-30T15:46:54+00:00","dateModified":"2026-01-30T15:46:55+00:00","mainEntityOfPage":{"@id":"https:\/\/patrulheiroevangelista.com.br\/?p=9305"},"wordCount":395,"publisher":{"@id":"https:\/\/patrulheiroevangelista.com.br\/#organization"},"image":{"@id":"https:\/\/patrulheiroevangelista.com.br\/?p=9305#primaryimage"},"thumbnailUrl":"https:\/\/patrulheiroevangelista.com.br\/wp-content\/uploads\/2026\/01\/55067663909_297c9e6579_b.jpg","articleSection":["Americana"],"inLanguage":"pt-BR"},{"@type":"WebPage","@id":"https:\/\/patrulheiroevangelista.com.br\/?p=9305","url":"https:\/\/patrulheiroevangelista.com.br\/?p=9305","name":"Fundo Social segue com campanha para atender fam\u00edlias atingidas por alagamentos no S\u00e3o Manoel - Patrulheiro Evangelista","isPartOf":{"@id":"https:\/\/patrulheiroevangelista.com.br\/#website"},"primaryImageOfPage":{"@id":"https:\/\/patrulheiroevangelista.com.br\/?p=9305#primaryimage"},"image":{"@id":"https:\/\/patrulheiroevangelista.com.br\/?p=9305#primaryimage"},"thumbnailUrl":"https:\/\/patrulheiroevangelista.com.br\/wp-content\/uploads\/2026\/01\/55067663909_297c9e6579_b.jpg","datePublished":"2026-01-30T15:46:54+00:00","dateModified":"2026-01-30T15:46:55+00:00","breadcrumb":{"@id":"https:\/\/patrulheiroevangelista.com.br\/?p=9305#breadcrumb"},"inLanguage":"pt-BR","potentialAction":[{"@type":"ReadAction","target":["https:\/\/patrulheiroevangelista.com.br\/?p=9305"]}]},{"@type":"ImageObject","inLanguage":"pt-BR","@id":"https:\/\/patrulheiroevangelista.com.br\/?p=9305#primaryimage","url":"https:\/\/patrulheiroevangelista.com.br\/wp-content\/uploads\/2026\/01\/55067663909_297c9e6579_b.jpg","contentUrl":"https:\/\/patrulheiroevangelista.com.br\/wp-content\/uploads\/2026\/01\/55067663909_297c9e6579_b.jpg","width":1024,"height":768,"caption":"Foto: Mar\u00edlia Pierre\/Prefeitura de Americana"},{"@type":"BreadcrumbList","@id":"https:\/\/patrulheiroevangelista.com.br\/?p=9305#breadcrumb","itemListElement":[{"@type":"ListItem","position":1,"name":"In\u00edcio","item":"https:\/\/patrulheiroevangelista.com.br\/"},{"@type":"ListItem","position":2,"name":"Fundo Social segue com campanha para atender fam\u00edlias atingidas por alagamentos no S\u00e3o Manoel"}]},{"@type":"WebSite","@id":"https:\/\/patrulheiroevangelista.com.br\/#website","url":"https:\/\/patrulheiroevangelista.com.br\/","name":"Patrulheiro Evangelista","description":"","publisher":{"@id":"https:\/\/patrulheiroevangelista.com.br\/#organization"},"potentialAction":[{"@type":"SearchAction","target":{"@type":"EntryPoint","urlTemplate":"https:\/\/patrulheiroevangelista.com.br\/?s={search_term_string}"},"query-input":{"@type":"PropertyValueSpecification","valueRequired":true,"valueName":"search_term_string"}}],"inLanguage":"pt-BR"},{"@type":"Organization","@id":"https:\/\/patrulheiroevangelista.com.br\/#organization","name":"Patrulheiro Evangelista","url":"https:\/\/patrulheiroevangelista.com.br\/","logo":{"@type":"ImageObject","inLanguage":"pt-BR","@id":"https:\/\/patrulheiroevangelista.com.br\/#\/schema\/logo\/image\/","url":"https:\/\/patrulheiroevangelista.com.br\/wp-content\/uploads\/2022\/09\/cropped-cropped-1-300x169-1-1.png","contentUrl":"https:\/\/patrulheiroevangelista.com.br\/wp-content\/uploads\/2022\/09\/cropped-cropped-1-300x169-1-1.png","width":183,"height":103,"caption":"Patrulheiro Evangelista"},"image":{"@id":"https:\/\/patrulheiroevangelista.com.br\/#\/schema\/logo\/image\/"},"sameAs":["https:\/\/www.facebook.com\/patrulheiroevangelista","https:\/\/www.instagram.com\/patrulheiro.evangelista\/"]},{"@type":"Person","@id":"https:\/\/patrulheiroevangelista.com.br\/#\/schema\/person\/bcae3dc00fc31286371eb8edc18dfdf4","name":"Joshua Evangelista","image":{"@type":"ImageObject","inLanguage":"pt-BR","@id":"https:\/\/patrulheiroevangelista.com.br\/#\/schema\/person\/image\/","url":"https:\/\/secure.gravatar.com\/avatar\/d27d2f402c0fd218173b28d470bdb67b?s=96&r=g","contentUrl":"https:\/\/secure.gravatar.com\/avatar\/d27d2f402c0fd218173b28d470bdb67b?s=96&r=g","caption":"Joshua Evangelista"},"description":"Comunic\u00f3logo, jornalista e cofundador do site desde outubro de 2019.","sameAs":["https:\/\/patrulheiro-evangelista-wordpress-904373-145-223-29-15.traefik.me"],"url":"https:\/\/patrulheiroevangelista.com.br\/?author=1"}]}},"_links":{"self":[{"href":"https:\/\/patrulheiroevangelista.com.br\/index.php?rest_route=\/wp\/v2\/posts\/9305","targetHints":{"allow":["GET"]}}],"collection":[{"href":"https:\/\/patrulheiroevangelista.com.br\/index.php?rest_route=\/wp\/v2\/posts"}],"about":[{"href":"https:\/\/patrulheiroevangelista.com.br\/index.php?rest_route=\/wp\/v2\/types\/post"}],"author":[{"embeddable":true,"href":"https:\/\/patrulheiroevangelista.com.br\/index.php?rest_route=\/wp\/v2\/users\/1"}],"replies":[{"embeddable":true,"href":"https:\/\/patrulheiroevangelista.com.br\/index.php?rest_route=%2Fwp%2Fv2%2Fcomments&post=9305"}],"version-history":[{"count":2,"href":"https:\/\/patrulheiroevangelista.com.br\/index.php?rest_route=\/wp\/v2\/posts\/9305\/revisions"}],"predecessor-version":[{"id":9308,"href":"https:\/\/patrulheiroevangelista.com.br\/index.php?rest_route=\/wp\/v2\/posts\/9305\/revisions\/9308"}],"wp:featuredmedia":[{"embeddable":true,"href":"https:\/\/patrulheiroevangelista.com.br\/index.php?rest_route=\/wp\/v2\/media\/9306"}],"wp:attachment":[{"href":"https:\/\/patrulheiroevangelista.com.br\/index.php?rest_route=%2Fwp%2Fv2%2Fmedia&parent=9305"}],"wp:term":[{"taxonomy":"category","embeddable":true,"href":"https:\/\/patrulheiroevangelista.com.br\/index.php?rest_route=%2Fwp%2Fv2%2Fcategories&post=9305"},{"taxonomy":"post_tag","embeddable":true,"href":"https:\/\/patrulheiroevangelista.com.br\/index.php?rest_route=%2Fwp%2Fv2%2Ftags&post=9305"}],"curies":[{"name":"wp","href":"https:\/\/api.w.org\/{rel}","templated":true}]}}