{"id":9293,"date":"2026-01-29T10:29:50","date_gmt":"2026-01-29T13:29:50","guid":{"rendered":"https:\/\/patrulheiroevangelista.com.br\/?p=9293"},"modified":"2026-01-29T10:59:35","modified_gmt":"2026-01-29T13:59:35","slug":"dise-prende-individuo-por-trafico-em-shopping-de-sumare-com-cocaina-avaliada-em-400-mil","status":"publish","type":"post","link":"https:\/\/patrulheiroevangelista.com.br\/?p=9293","title":{"rendered":"DISE prende indiv\u00edduo por tr\u00e1fico em shopping de Sumar\u00e9 com coca\u00edna avaliada em R$ 400 mil"},"content":{"rendered":"\n<p>Em uma a\u00e7\u00e3o estrat\u00e9gica realizada na noite desta quarta-feira (28), a Pol\u00edcia Civil do Estado de S\u00e3o Paulo, por meio da Delegacia de Investiga\u00e7\u00f5es Sobre Entorpecentes (DISE) de Americana, prendeu um homem de 42 anos em flagrante por tr\u00e1fico de drogas. A pris\u00e3o ocorreu nas depend\u00eancias do Shopping ParkCity, em Sumar\u00e9, e resultou na apreens\u00e3o de 13 tijolos de coca\u00edna.<\/p>\n\n\n\n<p>A ofensiva, denominada &#8220;Opera\u00e7\u00e3o ParkCity&#8221;, foi deflagrada por volta das 19h, ap\u00f3s dilig\u00eancias da equipe especializada no centro comercial. O suspeito foi localizado e detido pelos agentes enquanto estava na pra\u00e7a de alimenta\u00e7\u00e3o do estabelecimento.<\/p>\n\n\n\n<p>De acordo com o registro policial, durante a abordagem inicial, foram confiscados dois aparelhos celulares. Questionado pelos investigadores, o indiciado admitiu que transportava entorpecentes em seu ve\u00edculo, que estava estacionado no local. <\/p>\n\n\n\n<p>Ao se deslocarem at\u00e9 o estacionamento do shopping, os policiais localizaram um Chevrolet Onix preto. No porta-malas do autom\u00f3vel, as equipes encontraram 13.880 gramas de coca\u00edna, distribu\u00eddas em 13 tijolos prensados. As drogas foram avaliadas em R$ 400 mil. <\/p>\n\n\n<div class=\"wp-block-image\">\n<figure class=\"aligncenter size-large is-resized\"><img loading=\"lazy\" decoding=\"async\" width=\"1024\" height=\"768\" src=\"https:\/\/patrulheiroevangelista.com.br\/wp-content\/uploads\/2026\/01\/WhatsApp-Image-2026-01-29-at-09.42.36-1024x768.jpeg\" alt=\"\" class=\"wp-image-9296\" style=\"width:668px;height:auto\" srcset=\"https:\/\/patrulheiroevangelista.com.br\/wp-content\/uploads\/2026\/01\/WhatsApp-Image-2026-01-29-at-09.42.36-1024x768.jpeg 1024w, https:\/\/patrulheiroevangelista.com.br\/wp-content\/uploads\/2026\/01\/WhatsApp-Image-2026-01-29-at-09.42.36-300x225.jpeg 300w, https:\/\/patrulheiroevangelista.com.br\/wp-content\/uploads\/2026\/01\/WhatsApp-Image-2026-01-29-at-09.42.36-768x576.jpeg 768w, https:\/\/patrulheiroevangelista.com.br\/wp-content\/uploads\/2026\/01\/WhatsApp-Image-2026-01-29-at-09.42.36.jpeg 1280w\" sizes=\"auto, (max-width: 1024px) 100vw, 1024px\" \/><figcaption class=\"wp-element-caption\"><sup> Entorpecente e celulares apreendidos \u2014 Foto: DISE de Americana<\/sup><\/figcaption><\/figure><\/div>\n\n\n<p>A ocorr\u00eancia foi ratificada pelo Delegado Titular da DISE de Americana, Dr. Fernando Fincatti Periolo. Posteriormente, o indiciado foi conduzido \u00e0 Cadeia P\u00fablica de Sumar\u00e9, onde permanece \u00e0 disposi\u00e7\u00e3o da Justi\u00e7a.<\/p>\n\n\n<div class=\"wp-block-image\">\n<figure class=\"aligncenter size-full is-resized\"><img loading=\"lazy\" decoding=\"async\" width=\"970\" height=\"250\" src=\"https:\/\/patrulheiroevangelista.com.br\/wp-content\/uploads\/2026\/01\/gemeos-cafe.jpg\" alt=\"\" class=\"wp-image-9264\" style=\"width:822px;height:auto\" srcset=\"https:\/\/patrulheiroevangelista.com.br\/wp-content\/uploads\/2026\/01\/gemeos-cafe.jpg 970w, https:\/\/patrulheiroevangelista.com.br\/wp-content\/uploads\/2026\/01\/gemeos-cafe-300x77.jpg 300w, https:\/\/patrulheiroevangelista.com.br\/wp-content\/uploads\/2026\/01\/gemeos-cafe-768x198.jpg 768w\" sizes=\"auto, (max-width: 970px) 100vw, 970px\" \/><\/figure><\/div>","protected":false},"excerpt":{"rendered":"<p>Em uma a\u00e7\u00e3o estrat\u00e9gica realizada na noite desta quarta-feira (28), a Pol\u00edcia Civil do Estado de S\u00e3o Paulo, por meio da Delegacia de Investiga\u00e7\u00f5es Sobre Entorpecentes (DISE) de Americana, prendeu um homem de 42 anos em flagrante por tr\u00e1fico de drogas. A pris\u00e3o ocorreu nas depend\u00eancias do Shopping ParkCity, em Sumar\u00e9, e resultou na apreens\u00e3o [&hellip;]<\/p>\n","protected":false},"author":1,"featured_media":9294,"comment_status":"closed","ping_status":"open","sticky":false,"template":"","format":"standard","meta":{"footnotes":""},"categories":[5],"tags":[],"class_list":["post-9293","post","type-post","status-publish","format-standard","has-post-thumbnail","hentry","category-policia"],"yoast_head":"<!-- This site is optimized with the Yoast SEO plugin v26.8 - https:\/\/yoast.com\/product\/yoast-seo-wordpress\/ -->\n<title>DISE prende indiv\u00edduo por tr\u00e1fico em shopping de Sumar\u00e9 com coca\u00edna avaliada em R$ 400 mil - Patrulheiro Evangelista<\/title>\n<meta name=\"robots\" content=\"index, follow, max-snippet:-1, max-image-preview:large, max-video-preview:-1\" \/>\n<link rel=\"canonical\" href=\"https:\/\/patrulheiroevangelista.com.br\/?p=9293\" \/>\n<meta property=\"og:locale\" content=\"pt_BR\" \/>\n<meta property=\"og:type\" content=\"article\" \/>\n<meta property=\"og:title\" content=\"DISE prende indiv\u00edduo por tr\u00e1fico em shopping de Sumar\u00e9 com coca\u00edna avaliada em R$ 400 mil - Patrulheiro Evangelista\" \/>\n<meta property=\"og:description\" content=\"Em uma a\u00e7\u00e3o estrat\u00e9gica realizada na noite desta quarta-feira (28), a Pol\u00edcia Civil do Estado de S\u00e3o Paulo, por meio da Delegacia de Investiga\u00e7\u00f5es Sobre Entorpecentes (DISE) de Americana, prendeu um homem de 42 anos em flagrante por tr\u00e1fico de drogas. A pris\u00e3o ocorreu nas depend\u00eancias do Shopping ParkCity, em Sumar\u00e9, e resultou na apreens\u00e3o [&hellip;]\" \/>\n<meta property=\"og:url\" content=\"https:\/\/patrulheiroevangelista.com.br\/?p=9293\" \/>\n<meta property=\"og:site_name\" content=\"Patrulheiro Evangelista\" \/>\n<meta property=\"article:publisher\" content=\"https:\/\/www.facebook.com\/patrulheiroevangelista\" \/>\n<meta property=\"article:published_time\" content=\"2026-01-29T13:29:50+00:00\" \/>\n<meta property=\"article:modified_time\" content=\"2026-01-29T13:59:35+00:00\" \/>\n<meta property=\"og:image\" content=\"https:\/\/patrulheiroevangelista.com.br\/wp-content\/uploads\/2026\/01\/post-26.jpg\" \/>\n\t<meta property=\"og:image:width\" content=\"1600\" \/>\n\t<meta property=\"og:image:height\" content=\"1023\" \/>\n\t<meta property=\"og:image:type\" content=\"image\/jpeg\" \/>\n<meta name=\"author\" content=\"Joshua Evangelista\" \/>\n<meta name=\"twitter:card\" content=\"summary_large_image\" \/>\n<meta name=\"twitter:label1\" content=\"Escrito por\" \/>\n\t<meta name=\"twitter:data1\" content=\"Joshua Evangelista\" \/>\n\t<meta name=\"twitter:label2\" content=\"Est. tempo de leitura\" \/>\n\t<meta name=\"twitter:data2\" content=\"2 minutos\" \/>\n<script type=\"application\/ld+json\" class=\"yoast-schema-graph\">{\"@context\":\"https:\/\/schema.org\",\"@graph\":[{\"@type\":\"Article\",\"@id\":\"https:\/\/patrulheiroevangelista.com.br\/?p=9293#article\",\"isPartOf\":{\"@id\":\"https:\/\/patrulheiroevangelista.com.br\/?p=9293\"},\"author\":{\"name\":\"Joshua Evangelista\",\"@id\":\"https:\/\/patrulheiroevangelista.com.br\/#\/schema\/person\/bcae3dc00fc31286371eb8edc18dfdf4\"},\"headline\":\"DISE prende indiv\u00edduo por tr\u00e1fico em shopping de Sumar\u00e9 com coca\u00edna avaliada em R$ 400 mil\",\"datePublished\":\"2026-01-29T13:29:50+00:00\",\"dateModified\":\"2026-01-29T13:59:35+00:00\",\"mainEntityOfPage\":{\"@id\":\"https:\/\/patrulheiroevangelista.com.br\/?p=9293\"},\"wordCount\":238,\"publisher\":{\"@id\":\"https:\/\/patrulheiroevangelista.com.br\/#organization\"},\"image\":{\"@id\":\"https:\/\/patrulheiroevangelista.com.br\/?p=9293#primaryimage\"},\"thumbnailUrl\":\"https:\/\/patrulheiroevangelista.com.br\/wp-content\/uploads\/2026\/01\/post-26.jpg\",\"articleSection\":[\"Pol\u00edcia\"],\"inLanguage\":\"pt-BR\"},{\"@type\":\"WebPage\",\"@id\":\"https:\/\/patrulheiroevangelista.com.br\/?p=9293\",\"url\":\"https:\/\/patrulheiroevangelista.com.br\/?p=9293\",\"name\":\"DISE prende indiv\u00edduo por tr\u00e1fico em shopping de Sumar\u00e9 com coca\u00edna avaliada em R$ 400 mil - Patrulheiro Evangelista\",\"isPartOf\":{\"@id\":\"https:\/\/patrulheiroevangelista.com.br\/#website\"},\"primaryImageOfPage\":{\"@id\":\"https:\/\/patrulheiroevangelista.com.br\/?p=9293#primaryimage\"},\"image\":{\"@id\":\"https:\/\/patrulheiroevangelista.com.br\/?p=9293#primaryimage\"},\"thumbnailUrl\":\"https:\/\/patrulheiroevangelista.com.br\/wp-content\/uploads\/2026\/01\/post-26.jpg\",\"datePublished\":\"2026-01-29T13:29:50+00:00\",\"dateModified\":\"2026-01-29T13:59:35+00:00\",\"breadcrumb\":{\"@id\":\"https:\/\/patrulheiroevangelista.com.br\/?p=9293#breadcrumb\"},\"inLanguage\":\"pt-BR\",\"potentialAction\":[{\"@type\":\"ReadAction\",\"target\":[\"https:\/\/patrulheiroevangelista.com.br\/?p=9293\"]}]},{\"@type\":\"ImageObject\",\"inLanguage\":\"pt-BR\",\"@id\":\"https:\/\/patrulheiroevangelista.com.br\/?p=9293#primaryimage\",\"url\":\"https:\/\/patrulheiroevangelista.com.br\/wp-content\/uploads\/2026\/01\/post-26.jpg\",\"contentUrl\":\"https:\/\/patrulheiroevangelista.com.br\/wp-content\/uploads\/2026\/01\/post-26.jpg\",\"width\":1600,\"height\":1023,\"caption\":\"Foto: Divulga\u00e7\u00e3o\"},{\"@type\":\"BreadcrumbList\",\"@id\":\"https:\/\/patrulheiroevangelista.com.br\/?p=9293#breadcrumb\",\"itemListElement\":[{\"@type\":\"ListItem\",\"position\":1,\"name\":\"In\u00edcio\",\"item\":\"https:\/\/patrulheiroevangelista.com.br\/\"},{\"@type\":\"ListItem\",\"position\":2,\"name\":\"DISE prende indiv\u00edduo por tr\u00e1fico em shopping de Sumar\u00e9 com coca\u00edna avaliada em R$ 400 mil\"}]},{\"@type\":\"WebSite\",\"@id\":\"https:\/\/patrulheiroevangelista.com.br\/#website\",\"url\":\"https:\/\/patrulheiroevangelista.com.br\/\",\"name\":\"Patrulheiro Evangelista\",\"description\":\"\",\"publisher\":{\"@id\":\"https:\/\/patrulheiroevangelista.com.br\/#organization\"},\"potentialAction\":[{\"@type\":\"SearchAction\",\"target\":{\"@type\":\"EntryPoint\",\"urlTemplate\":\"https:\/\/patrulheiroevangelista.com.br\/?s={search_term_string}\"},\"query-input\":{\"@type\":\"PropertyValueSpecification\",\"valueRequired\":true,\"valueName\":\"search_term_string\"}}],\"inLanguage\":\"pt-BR\"},{\"@type\":\"Organization\",\"@id\":\"https:\/\/patrulheiroevangelista.com.br\/#organization\",\"name\":\"Patrulheiro Evangelista\",\"url\":\"https:\/\/patrulheiroevangelista.com.br\/\",\"logo\":{\"@type\":\"ImageObject\",\"inLanguage\":\"pt-BR\",\"@id\":\"https:\/\/patrulheiroevangelista.com.br\/#\/schema\/logo\/image\/\",\"url\":\"https:\/\/patrulheiroevangelista.com.br\/wp-content\/uploads\/2022\/09\/cropped-cropped-1-300x169-1-1.png\",\"contentUrl\":\"https:\/\/patrulheiroevangelista.com.br\/wp-content\/uploads\/2022\/09\/cropped-cropped-1-300x169-1-1.png\",\"width\":183,\"height\":103,\"caption\":\"Patrulheiro Evangelista\"},\"image\":{\"@id\":\"https:\/\/patrulheiroevangelista.com.br\/#\/schema\/logo\/image\/\"},\"sameAs\":[\"https:\/\/www.facebook.com\/patrulheiroevangelista\",\"https:\/\/www.instagram.com\/patrulheiro.evangelista\/\"]},{\"@type\":\"Person\",\"@id\":\"https:\/\/patrulheiroevangelista.com.br\/#\/schema\/person\/bcae3dc00fc31286371eb8edc18dfdf4\",\"name\":\"Joshua Evangelista\",\"image\":{\"@type\":\"ImageObject\",\"inLanguage\":\"pt-BR\",\"@id\":\"https:\/\/patrulheiroevangelista.com.br\/#\/schema\/person\/image\/\",\"url\":\"https:\/\/secure.gravatar.com\/avatar\/d27d2f402c0fd218173b28d470bdb67b?s=96&r=g\",\"contentUrl\":\"https:\/\/secure.gravatar.com\/avatar\/d27d2f402c0fd218173b28d470bdb67b?s=96&r=g\",\"caption\":\"Joshua Evangelista\"},\"description\":\"Comunic\u00f3logo, jornalista e cofundador do site desde outubro de 2019.\",\"sameAs\":[\"https:\/\/patrulheiro-evangelista-wordpress-904373-145-223-29-15.traefik.me\"],\"url\":\"https:\/\/patrulheiroevangelista.com.br\/?author=1\"}]}<\/script>\n<!-- \/ Yoast SEO plugin. -->","yoast_head_json":{"title":"DISE prende indiv\u00edduo por tr\u00e1fico em shopping de Sumar\u00e9 com coca\u00edna avaliada em R$ 400 mil - Patrulheiro Evangelista","robots":{"index":"index","follow":"follow","max-snippet":"max-snippet:-1","max-image-preview":"max-image-preview:large","max-video-preview":"max-video-preview:-1"},"canonical":"https:\/\/patrulheiroevangelista.com.br\/?p=9293","og_locale":"pt_BR","og_type":"article","og_title":"DISE prende indiv\u00edduo por tr\u00e1fico em shopping de Sumar\u00e9 com coca\u00edna avaliada em R$ 400 mil - Patrulheiro Evangelista","og_description":"Em uma a\u00e7\u00e3o estrat\u00e9gica realizada na noite desta quarta-feira (28), a Pol\u00edcia Civil do Estado de S\u00e3o Paulo, por meio da Delegacia de Investiga\u00e7\u00f5es Sobre Entorpecentes (DISE) de Americana, prendeu um homem de 42 anos em flagrante por tr\u00e1fico de drogas. A pris\u00e3o ocorreu nas depend\u00eancias do Shopping ParkCity, em Sumar\u00e9, e resultou na apreens\u00e3o [&hellip;]","og_url":"https:\/\/patrulheiroevangelista.com.br\/?p=9293","og_site_name":"Patrulheiro Evangelista","article_publisher":"https:\/\/www.facebook.com\/patrulheiroevangelista","article_published_time":"2026-01-29T13:29:50+00:00","article_modified_time":"2026-01-29T13:59:35+00:00","og_image":[{"width":1600,"height":1023,"url":"https:\/\/patrulheiroevangelista.com.br\/wp-content\/uploads\/2026\/01\/post-26.jpg","type":"image\/jpeg"}],"author":"Joshua Evangelista","twitter_card":"summary_large_image","twitter_misc":{"Escrito por":"Joshua Evangelista","Est. tempo de leitura":"2 minutos"},"schema":{"@context":"https:\/\/schema.org","@graph":[{"@type":"Article","@id":"https:\/\/patrulheiroevangelista.com.br\/?p=9293#article","isPartOf":{"@id":"https:\/\/patrulheiroevangelista.com.br\/?p=9293"},"author":{"name":"Joshua Evangelista","@id":"https:\/\/patrulheiroevangelista.com.br\/#\/schema\/person\/bcae3dc00fc31286371eb8edc18dfdf4"},"headline":"DISE prende indiv\u00edduo por tr\u00e1fico em shopping de Sumar\u00e9 com coca\u00edna avaliada em R$ 400 mil","datePublished":"2026-01-29T13:29:50+00:00","dateModified":"2026-01-29T13:59:35+00:00","mainEntityOfPage":{"@id":"https:\/\/patrulheiroevangelista.com.br\/?p=9293"},"wordCount":238,"publisher":{"@id":"https:\/\/patrulheiroevangelista.com.br\/#organization"},"image":{"@id":"https:\/\/patrulheiroevangelista.com.br\/?p=9293#primaryimage"},"thumbnailUrl":"https:\/\/patrulheiroevangelista.com.br\/wp-content\/uploads\/2026\/01\/post-26.jpg","articleSection":["Pol\u00edcia"],"inLanguage":"pt-BR"},{"@type":"WebPage","@id":"https:\/\/patrulheiroevangelista.com.br\/?p=9293","url":"https:\/\/patrulheiroevangelista.com.br\/?p=9293","name":"DISE prende indiv\u00edduo por tr\u00e1fico em shopping de Sumar\u00e9 com coca\u00edna avaliada em R$ 400 mil - Patrulheiro Evangelista","isPartOf":{"@id":"https:\/\/patrulheiroevangelista.com.br\/#website"},"primaryImageOfPage":{"@id":"https:\/\/patrulheiroevangelista.com.br\/?p=9293#primaryimage"},"image":{"@id":"https:\/\/patrulheiroevangelista.com.br\/?p=9293#primaryimage"},"thumbnailUrl":"https:\/\/patrulheiroevangelista.com.br\/wp-content\/uploads\/2026\/01\/post-26.jpg","datePublished":"2026-01-29T13:29:50+00:00","dateModified":"2026-01-29T13:59:35+00:00","breadcrumb":{"@id":"https:\/\/patrulheiroevangelista.com.br\/?p=9293#breadcrumb"},"inLanguage":"pt-BR","potentialAction":[{"@type":"ReadAction","target":["https:\/\/patrulheiroevangelista.com.br\/?p=9293"]}]},{"@type":"ImageObject","inLanguage":"pt-BR","@id":"https:\/\/patrulheiroevangelista.com.br\/?p=9293#primaryimage","url":"https:\/\/patrulheiroevangelista.com.br\/wp-content\/uploads\/2026\/01\/post-26.jpg","contentUrl":"https:\/\/patrulheiroevangelista.com.br\/wp-content\/uploads\/2026\/01\/post-26.jpg","width":1600,"height":1023,"caption":"Foto: Divulga\u00e7\u00e3o"},{"@type":"BreadcrumbList","@id":"https:\/\/patrulheiroevangelista.com.br\/?p=9293#breadcrumb","itemListElement":[{"@type":"ListItem","position":1,"name":"In\u00edcio","item":"https:\/\/patrulheiroevangelista.com.br\/"},{"@type":"ListItem","position":2,"name":"DISE prende indiv\u00edduo por tr\u00e1fico em shopping de Sumar\u00e9 com coca\u00edna avaliada em R$ 400 mil"}]},{"@type":"WebSite","@id":"https:\/\/patrulheiroevangelista.com.br\/#website","url":"https:\/\/patrulheiroevangelista.com.br\/","name":"Patrulheiro Evangelista","description":"","publisher":{"@id":"https:\/\/patrulheiroevangelista.com.br\/#organization"},"potentialAction":[{"@type":"SearchAction","target":{"@type":"EntryPoint","urlTemplate":"https:\/\/patrulheiroevangelista.com.br\/?s={search_term_string}"},"query-input":{"@type":"PropertyValueSpecification","valueRequired":true,"valueName":"search_term_string"}}],"inLanguage":"pt-BR"},{"@type":"Organization","@id":"https:\/\/patrulheiroevangelista.com.br\/#organization","name":"Patrulheiro Evangelista","url":"https:\/\/patrulheiroevangelista.com.br\/","logo":{"@type":"ImageObject","inLanguage":"pt-BR","@id":"https:\/\/patrulheiroevangelista.com.br\/#\/schema\/logo\/image\/","url":"https:\/\/patrulheiroevangelista.com.br\/wp-content\/uploads\/2022\/09\/cropped-cropped-1-300x169-1-1.png","contentUrl":"https:\/\/patrulheiroevangelista.com.br\/wp-content\/uploads\/2022\/09\/cropped-cropped-1-300x169-1-1.png","width":183,"height":103,"caption":"Patrulheiro Evangelista"},"image":{"@id":"https:\/\/patrulheiroevangelista.com.br\/#\/schema\/logo\/image\/"},"sameAs":["https:\/\/www.facebook.com\/patrulheiroevangelista","https:\/\/www.instagram.com\/patrulheiro.evangelista\/"]},{"@type":"Person","@id":"https:\/\/patrulheiroevangelista.com.br\/#\/schema\/person\/bcae3dc00fc31286371eb8edc18dfdf4","name":"Joshua Evangelista","image":{"@type":"ImageObject","inLanguage":"pt-BR","@id":"https:\/\/patrulheiroevangelista.com.br\/#\/schema\/person\/image\/","url":"https:\/\/secure.gravatar.com\/avatar\/d27d2f402c0fd218173b28d470bdb67b?s=96&r=g","contentUrl":"https:\/\/secure.gravatar.com\/avatar\/d27d2f402c0fd218173b28d470bdb67b?s=96&r=g","caption":"Joshua Evangelista"},"description":"Comunic\u00f3logo, jornalista e cofundador do site desde outubro de 2019.","sameAs":["https:\/\/patrulheiro-evangelista-wordpress-904373-145-223-29-15.traefik.me"],"url":"https:\/\/patrulheiroevangelista.com.br\/?author=1"}]}},"_links":{"self":[{"href":"https:\/\/patrulheiroevangelista.com.br\/index.php?rest_route=\/wp\/v2\/posts\/9293","targetHints":{"allow":["GET"]}}],"collection":[{"href":"https:\/\/patrulheiroevangelista.com.br\/index.php?rest_route=\/wp\/v2\/posts"}],"about":[{"href":"https:\/\/patrulheiroevangelista.com.br\/index.php?rest_route=\/wp\/v2\/types\/post"}],"author":[{"embeddable":true,"href":"https:\/\/patrulheiroevangelista.com.br\/index.php?rest_route=\/wp\/v2\/users\/1"}],"replies":[{"embeddable":true,"href":"https:\/\/patrulheiroevangelista.com.br\/index.php?rest_route=%2Fwp%2Fv2%2Fcomments&post=9293"}],"version-history":[{"count":4,"href":"https:\/\/patrulheiroevangelista.com.br\/index.php?rest_route=\/wp\/v2\/posts\/9293\/revisions"}],"predecessor-version":[{"id":9299,"href":"https:\/\/patrulheiroevangelista.com.br\/index.php?rest_route=\/wp\/v2\/posts\/9293\/revisions\/9299"}],"wp:featuredmedia":[{"embeddable":true,"href":"https:\/\/patrulheiroevangelista.com.br\/index.php?rest_route=\/wp\/v2\/media\/9294"}],"wp:attachment":[{"href":"https:\/\/patrulheiroevangelista.com.br\/index.php?rest_route=%2Fwp%2Fv2%2Fmedia&parent=9293"}],"wp:term":[{"taxonomy":"category","embeddable":true,"href":"https:\/\/patrulheiroevangelista.com.br\/index.php?rest_route=%2Fwp%2Fv2%2Fcategories&post=9293"},{"taxonomy":"post_tag","embeddable":true,"href":"https:\/\/patrulheiroevangelista.com.br\/index.php?rest_route=%2Fwp%2Fv2%2Ftags&post=9293"}],"curies":[{"name":"wp","href":"https:\/\/api.w.org\/{rel}","templated":true}]}}