{"id":9290,"date":"2026-01-29T09:19:17","date_gmt":"2026-01-29T12:19:17","guid":{"rendered":"https:\/\/patrulheiroevangelista.com.br\/?p=9290"},"modified":"2026-01-29T09:19:18","modified_gmt":"2026-01-29T12:19:18","slug":"pm-e-gaeco-desencadeiam-operacao-contra-organizacoes-criminosas-ligadas-a-crimes-ultraviolentos-em-americana","status":"publish","type":"post","link":"https:\/\/patrulheiroevangelista.com.br\/?p=9290","title":{"rendered":"PM e GAECO desencadeiam opera\u00e7\u00e3o contra organiza\u00e7\u00f5es criminosas ligadas a crimes ultraviolentos em Americana"},"content":{"rendered":"\n<p>A Pol\u00edcia Militar do Estado de S\u00e3o Paulo, em apoio ao Minist\u00e9rio P\u00fablico, por meio do Grupo de Atua\u00e7\u00e3o Especial de Combate ao Crime Organizado (GAECO), deflagrou uma opera\u00e7\u00e3o conjunta voltada ao enfrentamento ao crime organizado, com cumprimento de mandados judiciais expedidos no curso de investiga\u00e7\u00e3o conduzida pelas autoridades competentes. <\/p>\n\n\n\n<p>A a\u00e7\u00e3o tem como foco indiv\u00edduos investigados por envolvimento em atividades il\u00edcitas associadas a organiza\u00e7\u00f5es criminosas na regi\u00e3o do CPI-9, abrangendo as regi\u00f5es de Piracicaba, Limeira, Rio Claro, Americana e Hortol\u00e2ndia. Durante a opera\u00e7\u00e3o, est\u00e3o sendo executadas medidas legais destinadas \u00e0 coleta de elementos probat\u00f3rios e ao fortalecimento das a\u00e7\u00f5es de repress\u00e3o qualificada contra pr\u00e1ticas delituosas, especialmente aquelas relacionadas a conflitos entre organiza\u00e7\u00f5es criminosas e ao v\u00ednculo dessas organiza\u00e7\u00f5es com crimes ultraviolentos.<\/p>\n\n\n\n<p>Ser\u00e3o cumpridos 25 mandados de busca e apreens\u00e3o, com o objetivo de localizar armas, drogas e documentos que possam ser juntados \u00e0 investiga\u00e7\u00e3o.<\/p>\n\n\n\n<p>A iniciativa integra o esfor\u00e7o permanente do Estado de S\u00e3o Paulo para o aprimoramento da seguran\u00e7a p\u00fablica, refor\u00e7ando a atua\u00e7\u00e3o coordenada de suas institui\u00e7\u00f5es e a busca cont\u00ednua pela redu\u00e7\u00e3o da criminalidade, pelo controle da viol\u00eancia e pela promo\u00e7\u00e3o de um ambiente seguro para toda a popula\u00e7\u00e3o.<\/p>\n\n\n\n<p>A opera\u00e7\u00e3o encontra-se em andamento.<\/p>\n\n\n<div class=\"wp-block-image\">\n<figure class=\"aligncenter size-large is-resized\"><img loading=\"lazy\" decoding=\"async\" width=\"1024\" height=\"348\" src=\"https:\/\/patrulheiroevangelista.com.br\/wp-content\/uploads\/2025\/06\/patr-evang-250x85cm-1024x348.jpg\" alt=\"\" class=\"wp-image-8513\" style=\"width:768px;height:auto\" srcset=\"https:\/\/patrulheiroevangelista.com.br\/wp-content\/uploads\/2025\/06\/patr-evang-250x85cm-1024x348.jpg 1024w, https:\/\/patrulheiroevangelista.com.br\/wp-content\/uploads\/2025\/06\/patr-evang-250x85cm-300x102.jpg 300w, https:\/\/patrulheiroevangelista.com.br\/wp-content\/uploads\/2025\/06\/patr-evang-250x85cm-768x261.jpg 768w, https:\/\/patrulheiroevangelista.com.br\/wp-content\/uploads\/2025\/06\/patr-evang-250x85cm-1536x522.jpg 1536w, https:\/\/patrulheiroevangelista.com.br\/wp-content\/uploads\/2025\/06\/patr-evang-250x85cm-2048x697.jpg 2048w\" sizes=\"auto, (max-width: 1024px) 100vw, 1024px\" \/><\/figure><\/div>","protected":false},"excerpt":{"rendered":"<p>A Pol\u00edcia Militar do Estado de S\u00e3o Paulo, em apoio ao Minist\u00e9rio P\u00fablico, por meio do Grupo de Atua\u00e7\u00e3o Especial de Combate ao Crime Organizado (GAECO), deflagrou uma opera\u00e7\u00e3o conjunta voltada ao enfrentamento ao crime organizado, com cumprimento de mandados judiciais expedidos no curso de investiga\u00e7\u00e3o conduzida pelas autoridades competentes. A a\u00e7\u00e3o tem como foco [&hellip;]<\/p>\n","protected":false},"author":1,"featured_media":9291,"comment_status":"closed","ping_status":"open","sticky":false,"template":"","format":"standard","meta":{"footnotes":""},"categories":[5],"tags":[],"class_list":["post-9290","post","type-post","status-publish","format-standard","has-post-thumbnail","hentry","category-policia"],"yoast_head":"<!-- This site is optimized with the Yoast SEO plugin v26.8 - https:\/\/yoast.com\/product\/yoast-seo-wordpress\/ -->\n<title>PM e GAECO desencadeiam opera\u00e7\u00e3o contra organiza\u00e7\u00f5es criminosas ligadas a crimes ultraviolentos em Americana - Patrulheiro Evangelista<\/title>\n<meta name=\"robots\" content=\"index, follow, max-snippet:-1, max-image-preview:large, max-video-preview:-1\" \/>\n<link rel=\"canonical\" href=\"https:\/\/patrulheiroevangelista.com.br\/?p=9290\" \/>\n<meta property=\"og:locale\" content=\"pt_BR\" \/>\n<meta property=\"og:type\" content=\"article\" \/>\n<meta property=\"og:title\" content=\"PM e GAECO desencadeiam opera\u00e7\u00e3o contra organiza\u00e7\u00f5es criminosas ligadas a crimes ultraviolentos em Americana - Patrulheiro Evangelista\" \/>\n<meta property=\"og:description\" content=\"A Pol\u00edcia Militar do Estado de S\u00e3o Paulo, em apoio ao Minist\u00e9rio P\u00fablico, por meio do Grupo de Atua\u00e7\u00e3o Especial de Combate ao Crime Organizado (GAECO), deflagrou uma opera\u00e7\u00e3o conjunta voltada ao enfrentamento ao crime organizado, com cumprimento de mandados judiciais expedidos no curso de investiga\u00e7\u00e3o conduzida pelas autoridades competentes. A a\u00e7\u00e3o tem como foco [&hellip;]\" \/>\n<meta property=\"og:url\" content=\"https:\/\/patrulheiroevangelista.com.br\/?p=9290\" \/>\n<meta property=\"og:site_name\" content=\"Patrulheiro Evangelista\" \/>\n<meta property=\"article:publisher\" content=\"https:\/\/www.facebook.com\/patrulheiroevangelista\" \/>\n<meta property=\"article:published_time\" content=\"2026-01-29T12:19:17+00:00\" \/>\n<meta property=\"article:modified_time\" content=\"2026-01-29T12:19:18+00:00\" \/>\n<meta property=\"og:image\" content=\"https:\/\/patrulheiroevangelista.com.br\/wp-content\/uploads\/2026\/01\/WhatsApp-Image-2026-01-29-at-06.53.27.jpeg\" \/>\n\t<meta property=\"og:image:width\" content=\"1600\" \/>\n\t<meta property=\"og:image:height\" content=\"897\" \/>\n\t<meta property=\"og:image:type\" content=\"image\/jpeg\" \/>\n<meta name=\"author\" content=\"Joshua Evangelista\" \/>\n<meta name=\"twitter:card\" content=\"summary_large_image\" \/>\n<meta name=\"twitter:label1\" content=\"Escrito por\" \/>\n\t<meta name=\"twitter:data1\" content=\"Joshua Evangelista\" \/>\n\t<meta name=\"twitter:label2\" content=\"Est. tempo de leitura\" \/>\n\t<meta name=\"twitter:data2\" content=\"2 minutos\" \/>\n<script type=\"application\/ld+json\" class=\"yoast-schema-graph\">{\"@context\":\"https:\/\/schema.org\",\"@graph\":[{\"@type\":\"Article\",\"@id\":\"https:\/\/patrulheiroevangelista.com.br\/?p=9290#article\",\"isPartOf\":{\"@id\":\"https:\/\/patrulheiroevangelista.com.br\/?p=9290\"},\"author\":{\"name\":\"Joshua Evangelista\",\"@id\":\"https:\/\/patrulheiroevangelista.com.br\/#\/schema\/person\/bcae3dc00fc31286371eb8edc18dfdf4\"},\"headline\":\"PM e GAECO desencadeiam opera\u00e7\u00e3o contra organiza\u00e7\u00f5es criminosas ligadas a crimes ultraviolentos em Americana\",\"datePublished\":\"2026-01-29T12:19:17+00:00\",\"dateModified\":\"2026-01-29T12:19:18+00:00\",\"mainEntityOfPage\":{\"@id\":\"https:\/\/patrulheiroevangelista.com.br\/?p=9290\"},\"wordCount\":249,\"publisher\":{\"@id\":\"https:\/\/patrulheiroevangelista.com.br\/#organization\"},\"image\":{\"@id\":\"https:\/\/patrulheiroevangelista.com.br\/?p=9290#primaryimage\"},\"thumbnailUrl\":\"https:\/\/patrulheiroevangelista.com.br\/wp-content\/uploads\/2026\/01\/WhatsApp-Image-2026-01-29-at-06.53.27.jpeg\",\"articleSection\":[\"Pol\u00edcia\"],\"inLanguage\":\"pt-BR\"},{\"@type\":\"WebPage\",\"@id\":\"https:\/\/patrulheiroevangelista.com.br\/?p=9290\",\"url\":\"https:\/\/patrulheiroevangelista.com.br\/?p=9290\",\"name\":\"PM e GAECO desencadeiam opera\u00e7\u00e3o contra organiza\u00e7\u00f5es criminosas ligadas a crimes ultraviolentos em Americana - Patrulheiro Evangelista\",\"isPartOf\":{\"@id\":\"https:\/\/patrulheiroevangelista.com.br\/#website\"},\"primaryImageOfPage\":{\"@id\":\"https:\/\/patrulheiroevangelista.com.br\/?p=9290#primaryimage\"},\"image\":{\"@id\":\"https:\/\/patrulheiroevangelista.com.br\/?p=9290#primaryimage\"},\"thumbnailUrl\":\"https:\/\/patrulheiroevangelista.com.br\/wp-content\/uploads\/2026\/01\/WhatsApp-Image-2026-01-29-at-06.53.27.jpeg\",\"datePublished\":\"2026-01-29T12:19:17+00:00\",\"dateModified\":\"2026-01-29T12:19:18+00:00\",\"breadcrumb\":{\"@id\":\"https:\/\/patrulheiroevangelista.com.br\/?p=9290#breadcrumb\"},\"inLanguage\":\"pt-BR\",\"potentialAction\":[{\"@type\":\"ReadAction\",\"target\":[\"https:\/\/patrulheiroevangelista.com.br\/?p=9290\"]}]},{\"@type\":\"ImageObject\",\"inLanguage\":\"pt-BR\",\"@id\":\"https:\/\/patrulheiroevangelista.com.br\/?p=9290#primaryimage\",\"url\":\"https:\/\/patrulheiroevangelista.com.br\/wp-content\/uploads\/2026\/01\/WhatsApp-Image-2026-01-29-at-06.53.27.jpeg\",\"contentUrl\":\"https:\/\/patrulheiroevangelista.com.br\/wp-content\/uploads\/2026\/01\/WhatsApp-Image-2026-01-29-at-06.53.27.jpeg\",\"width\":1600,\"height\":897,\"caption\":\"Foto: Divulga\u00e7\u00e3o\/PMESP\"},{\"@type\":\"BreadcrumbList\",\"@id\":\"https:\/\/patrulheiroevangelista.com.br\/?p=9290#breadcrumb\",\"itemListElement\":[{\"@type\":\"ListItem\",\"position\":1,\"name\":\"In\u00edcio\",\"item\":\"https:\/\/patrulheiroevangelista.com.br\/\"},{\"@type\":\"ListItem\",\"position\":2,\"name\":\"PM e GAECO desencadeiam opera\u00e7\u00e3o contra organiza\u00e7\u00f5es criminosas ligadas a crimes ultraviolentos em Americana\"}]},{\"@type\":\"WebSite\",\"@id\":\"https:\/\/patrulheiroevangelista.com.br\/#website\",\"url\":\"https:\/\/patrulheiroevangelista.com.br\/\",\"name\":\"Patrulheiro Evangelista\",\"description\":\"\",\"publisher\":{\"@id\":\"https:\/\/patrulheiroevangelista.com.br\/#organization\"},\"potentialAction\":[{\"@type\":\"SearchAction\",\"target\":{\"@type\":\"EntryPoint\",\"urlTemplate\":\"https:\/\/patrulheiroevangelista.com.br\/?s={search_term_string}\"},\"query-input\":{\"@type\":\"PropertyValueSpecification\",\"valueRequired\":true,\"valueName\":\"search_term_string\"}}],\"inLanguage\":\"pt-BR\"},{\"@type\":\"Organization\",\"@id\":\"https:\/\/patrulheiroevangelista.com.br\/#organization\",\"name\":\"Patrulheiro Evangelista\",\"url\":\"https:\/\/patrulheiroevangelista.com.br\/\",\"logo\":{\"@type\":\"ImageObject\",\"inLanguage\":\"pt-BR\",\"@id\":\"https:\/\/patrulheiroevangelista.com.br\/#\/schema\/logo\/image\/\",\"url\":\"https:\/\/patrulheiroevangelista.com.br\/wp-content\/uploads\/2022\/09\/cropped-cropped-1-300x169-1-1.png\",\"contentUrl\":\"https:\/\/patrulheiroevangelista.com.br\/wp-content\/uploads\/2022\/09\/cropped-cropped-1-300x169-1-1.png\",\"width\":183,\"height\":103,\"caption\":\"Patrulheiro Evangelista\"},\"image\":{\"@id\":\"https:\/\/patrulheiroevangelista.com.br\/#\/schema\/logo\/image\/\"},\"sameAs\":[\"https:\/\/www.facebook.com\/patrulheiroevangelista\",\"https:\/\/www.instagram.com\/patrulheiro.evangelista\/\"]},{\"@type\":\"Person\",\"@id\":\"https:\/\/patrulheiroevangelista.com.br\/#\/schema\/person\/bcae3dc00fc31286371eb8edc18dfdf4\",\"name\":\"Joshua Evangelista\",\"image\":{\"@type\":\"ImageObject\",\"inLanguage\":\"pt-BR\",\"@id\":\"https:\/\/patrulheiroevangelista.com.br\/#\/schema\/person\/image\/\",\"url\":\"https:\/\/secure.gravatar.com\/avatar\/d27d2f402c0fd218173b28d470bdb67b?s=96&r=g\",\"contentUrl\":\"https:\/\/secure.gravatar.com\/avatar\/d27d2f402c0fd218173b28d470bdb67b?s=96&r=g\",\"caption\":\"Joshua Evangelista\"},\"description\":\"Comunic\u00f3logo, jornalista e cofundador do site desde outubro de 2019.\",\"sameAs\":[\"https:\/\/patrulheiro-evangelista-wordpress-904373-145-223-29-15.traefik.me\"],\"url\":\"https:\/\/patrulheiroevangelista.com.br\/?author=1\"}]}<\/script>\n<!-- \/ Yoast SEO plugin. -->","yoast_head_json":{"title":"PM e GAECO desencadeiam opera\u00e7\u00e3o contra organiza\u00e7\u00f5es criminosas ligadas a crimes ultraviolentos em Americana - Patrulheiro Evangelista","robots":{"index":"index","follow":"follow","max-snippet":"max-snippet:-1","max-image-preview":"max-image-preview:large","max-video-preview":"max-video-preview:-1"},"canonical":"https:\/\/patrulheiroevangelista.com.br\/?p=9290","og_locale":"pt_BR","og_type":"article","og_title":"PM e GAECO desencadeiam opera\u00e7\u00e3o contra organiza\u00e7\u00f5es criminosas ligadas a crimes ultraviolentos em Americana - Patrulheiro Evangelista","og_description":"A Pol\u00edcia Militar do Estado de S\u00e3o Paulo, em apoio ao Minist\u00e9rio P\u00fablico, por meio do Grupo de Atua\u00e7\u00e3o Especial de Combate ao Crime Organizado (GAECO), deflagrou uma opera\u00e7\u00e3o conjunta voltada ao enfrentamento ao crime organizado, com cumprimento de mandados judiciais expedidos no curso de investiga\u00e7\u00e3o conduzida pelas autoridades competentes. A a\u00e7\u00e3o tem como foco [&hellip;]","og_url":"https:\/\/patrulheiroevangelista.com.br\/?p=9290","og_site_name":"Patrulheiro Evangelista","article_publisher":"https:\/\/www.facebook.com\/patrulheiroevangelista","article_published_time":"2026-01-29T12:19:17+00:00","article_modified_time":"2026-01-29T12:19:18+00:00","og_image":[{"width":1600,"height":897,"url":"https:\/\/patrulheiroevangelista.com.br\/wp-content\/uploads\/2026\/01\/WhatsApp-Image-2026-01-29-at-06.53.27.jpeg","type":"image\/jpeg"}],"author":"Joshua Evangelista","twitter_card":"summary_large_image","twitter_misc":{"Escrito por":"Joshua Evangelista","Est. tempo de leitura":"2 minutos"},"schema":{"@context":"https:\/\/schema.org","@graph":[{"@type":"Article","@id":"https:\/\/patrulheiroevangelista.com.br\/?p=9290#article","isPartOf":{"@id":"https:\/\/patrulheiroevangelista.com.br\/?p=9290"},"author":{"name":"Joshua Evangelista","@id":"https:\/\/patrulheiroevangelista.com.br\/#\/schema\/person\/bcae3dc00fc31286371eb8edc18dfdf4"},"headline":"PM e GAECO desencadeiam opera\u00e7\u00e3o contra organiza\u00e7\u00f5es criminosas ligadas a crimes ultraviolentos em Americana","datePublished":"2026-01-29T12:19:17+00:00","dateModified":"2026-01-29T12:19:18+00:00","mainEntityOfPage":{"@id":"https:\/\/patrulheiroevangelista.com.br\/?p=9290"},"wordCount":249,"publisher":{"@id":"https:\/\/patrulheiroevangelista.com.br\/#organization"},"image":{"@id":"https:\/\/patrulheiroevangelista.com.br\/?p=9290#primaryimage"},"thumbnailUrl":"https:\/\/patrulheiroevangelista.com.br\/wp-content\/uploads\/2026\/01\/WhatsApp-Image-2026-01-29-at-06.53.27.jpeg","articleSection":["Pol\u00edcia"],"inLanguage":"pt-BR"},{"@type":"WebPage","@id":"https:\/\/patrulheiroevangelista.com.br\/?p=9290","url":"https:\/\/patrulheiroevangelista.com.br\/?p=9290","name":"PM e GAECO desencadeiam opera\u00e7\u00e3o contra organiza\u00e7\u00f5es criminosas ligadas a crimes ultraviolentos em Americana - Patrulheiro Evangelista","isPartOf":{"@id":"https:\/\/patrulheiroevangelista.com.br\/#website"},"primaryImageOfPage":{"@id":"https:\/\/patrulheiroevangelista.com.br\/?p=9290#primaryimage"},"image":{"@id":"https:\/\/patrulheiroevangelista.com.br\/?p=9290#primaryimage"},"thumbnailUrl":"https:\/\/patrulheiroevangelista.com.br\/wp-content\/uploads\/2026\/01\/WhatsApp-Image-2026-01-29-at-06.53.27.jpeg","datePublished":"2026-01-29T12:19:17+00:00","dateModified":"2026-01-29T12:19:18+00:00","breadcrumb":{"@id":"https:\/\/patrulheiroevangelista.com.br\/?p=9290#breadcrumb"},"inLanguage":"pt-BR","potentialAction":[{"@type":"ReadAction","target":["https:\/\/patrulheiroevangelista.com.br\/?p=9290"]}]},{"@type":"ImageObject","inLanguage":"pt-BR","@id":"https:\/\/patrulheiroevangelista.com.br\/?p=9290#primaryimage","url":"https:\/\/patrulheiroevangelista.com.br\/wp-content\/uploads\/2026\/01\/WhatsApp-Image-2026-01-29-at-06.53.27.jpeg","contentUrl":"https:\/\/patrulheiroevangelista.com.br\/wp-content\/uploads\/2026\/01\/WhatsApp-Image-2026-01-29-at-06.53.27.jpeg","width":1600,"height":897,"caption":"Foto: Divulga\u00e7\u00e3o\/PMESP"},{"@type":"BreadcrumbList","@id":"https:\/\/patrulheiroevangelista.com.br\/?p=9290#breadcrumb","itemListElement":[{"@type":"ListItem","position":1,"name":"In\u00edcio","item":"https:\/\/patrulheiroevangelista.com.br\/"},{"@type":"ListItem","position":2,"name":"PM e GAECO desencadeiam opera\u00e7\u00e3o contra organiza\u00e7\u00f5es criminosas ligadas a crimes ultraviolentos em Americana"}]},{"@type":"WebSite","@id":"https:\/\/patrulheiroevangelista.com.br\/#website","url":"https:\/\/patrulheiroevangelista.com.br\/","name":"Patrulheiro Evangelista","description":"","publisher":{"@id":"https:\/\/patrulheiroevangelista.com.br\/#organization"},"potentialAction":[{"@type":"SearchAction","target":{"@type":"EntryPoint","urlTemplate":"https:\/\/patrulheiroevangelista.com.br\/?s={search_term_string}"},"query-input":{"@type":"PropertyValueSpecification","valueRequired":true,"valueName":"search_term_string"}}],"inLanguage":"pt-BR"},{"@type":"Organization","@id":"https:\/\/patrulheiroevangelista.com.br\/#organization","name":"Patrulheiro Evangelista","url":"https:\/\/patrulheiroevangelista.com.br\/","logo":{"@type":"ImageObject","inLanguage":"pt-BR","@id":"https:\/\/patrulheiroevangelista.com.br\/#\/schema\/logo\/image\/","url":"https:\/\/patrulheiroevangelista.com.br\/wp-content\/uploads\/2022\/09\/cropped-cropped-1-300x169-1-1.png","contentUrl":"https:\/\/patrulheiroevangelista.com.br\/wp-content\/uploads\/2022\/09\/cropped-cropped-1-300x169-1-1.png","width":183,"height":103,"caption":"Patrulheiro Evangelista"},"image":{"@id":"https:\/\/patrulheiroevangelista.com.br\/#\/schema\/logo\/image\/"},"sameAs":["https:\/\/www.facebook.com\/patrulheiroevangelista","https:\/\/www.instagram.com\/patrulheiro.evangelista\/"]},{"@type":"Person","@id":"https:\/\/patrulheiroevangelista.com.br\/#\/schema\/person\/bcae3dc00fc31286371eb8edc18dfdf4","name":"Joshua Evangelista","image":{"@type":"ImageObject","inLanguage":"pt-BR","@id":"https:\/\/patrulheiroevangelista.com.br\/#\/schema\/person\/image\/","url":"https:\/\/secure.gravatar.com\/avatar\/d27d2f402c0fd218173b28d470bdb67b?s=96&r=g","contentUrl":"https:\/\/secure.gravatar.com\/avatar\/d27d2f402c0fd218173b28d470bdb67b?s=96&r=g","caption":"Joshua Evangelista"},"description":"Comunic\u00f3logo, jornalista e cofundador do site desde outubro de 2019.","sameAs":["https:\/\/patrulheiro-evangelista-wordpress-904373-145-223-29-15.traefik.me"],"url":"https:\/\/patrulheiroevangelista.com.br\/?author=1"}]}},"_links":{"self":[{"href":"https:\/\/patrulheiroevangelista.com.br\/index.php?rest_route=\/wp\/v2\/posts\/9290","targetHints":{"allow":["GET"]}}],"collection":[{"href":"https:\/\/patrulheiroevangelista.com.br\/index.php?rest_route=\/wp\/v2\/posts"}],"about":[{"href":"https:\/\/patrulheiroevangelista.com.br\/index.php?rest_route=\/wp\/v2\/types\/post"}],"author":[{"embeddable":true,"href":"https:\/\/patrulheiroevangelista.com.br\/index.php?rest_route=\/wp\/v2\/users\/1"}],"replies":[{"embeddable":true,"href":"https:\/\/patrulheiroevangelista.com.br\/index.php?rest_route=%2Fwp%2Fv2%2Fcomments&post=9290"}],"version-history":[{"count":1,"href":"https:\/\/patrulheiroevangelista.com.br\/index.php?rest_route=\/wp\/v2\/posts\/9290\/revisions"}],"predecessor-version":[{"id":9292,"href":"https:\/\/patrulheiroevangelista.com.br\/index.php?rest_route=\/wp\/v2\/posts\/9290\/revisions\/9292"}],"wp:featuredmedia":[{"embeddable":true,"href":"https:\/\/patrulheiroevangelista.com.br\/index.php?rest_route=\/wp\/v2\/media\/9291"}],"wp:attachment":[{"href":"https:\/\/patrulheiroevangelista.com.br\/index.php?rest_route=%2Fwp%2Fv2%2Fmedia&parent=9290"}],"wp:term":[{"taxonomy":"category","embeddable":true,"href":"https:\/\/patrulheiroevangelista.com.br\/index.php?rest_route=%2Fwp%2Fv2%2Fcategories&post=9290"},{"taxonomy":"post_tag","embeddable":true,"href":"https:\/\/patrulheiroevangelista.com.br\/index.php?rest_route=%2Fwp%2Fv2%2Ftags&post=9290"}],"curies":[{"name":"wp","href":"https:\/\/api.w.org\/{rel}","templated":true}]}}