{"id":9282,"date":"2026-01-24T16:41:10","date_gmt":"2026-01-24T19:41:10","guid":{"rendered":"https:\/\/patrulheiroevangelista.com.br\/?p=9282"},"modified":"2026-01-24T16:41:11","modified_gmt":"2026-01-24T19:41:11","slug":"ajinomoto-abre-processo-seletivo-para-operador-de-producao-na-unidade-de-limeira","status":"publish","type":"post","link":"https:\/\/patrulheiroevangelista.com.br\/?p=9282","title":{"rendered":"Ajinomoto abre processo seletivo para operador de produ\u00e7\u00e3o na unidade de Limeira"},"content":{"rendered":"\n<p>Na\u00a0pr\u00f3xima quarta-feira (28), a partir das 8h30, o Posto Local do Trabalho (PLT)\u00a0de\u00a0Nova Odessa (SP)\u00a0realizar\u00e1\u00a0o processo seletivo da\u00a0Ajinomoto, empresa do setor aliment\u00edcio, para o preenchimento de oito vagas no cargo de Operador de Produ\u00e7\u00e3o. As entrevistas ser\u00e3o realizadas no Poupatempo, localizado na Rua Duque de Caxias, 600, no Centro.<\/p>\n\n\n\n<p>Para concorrer \u00e0s oportunidades, \u00e9 exigido apenas o Ensino Fundamental completo, n\u00e3o sendo necess\u00e1ria experi\u00eancia anterior. A Ajinomoto oferece um pacote de benef\u00edcios que inclui conv\u00eanio m\u00e9dico, transporte fretado, vale-alimenta\u00e7\u00e3o, alimenta\u00e7\u00e3o no local, GymPass e PRL.<\/p>\n\n\n\n<p>O&nbsp;local de trabalho \u00e9 no munic\u00edpio de Limeira, na unidade situada \u00e0s margens da&nbsp;Rodovia Anhanguera. As vagas s\u00e3o para o segundo turno, das 13h30 \u00e0s 22h20, em escala 6&#215;1 e 6&#215;2.<\/p>\n\n\n\n<p class=\"has-small-font-size\">Fonte: Prefeitura de Nova Odessa<\/p>\n\n\n\n<figure class=\"wp-block-image size-large is-resized\"><img loading=\"lazy\" decoding=\"async\" width=\"1024\" height=\"348\" src=\"https:\/\/patrulheiroevangelista.com.br\/wp-content\/uploads\/2025\/06\/patr-evang-250x85cm-1024x348.jpg\" alt=\"\" class=\"wp-image-8513\" style=\"width:759px;height:auto\" srcset=\"https:\/\/patrulheiroevangelista.com.br\/wp-content\/uploads\/2025\/06\/patr-evang-250x85cm-1024x348.jpg 1024w, https:\/\/patrulheiroevangelista.com.br\/wp-content\/uploads\/2025\/06\/patr-evang-250x85cm-300x102.jpg 300w, https:\/\/patrulheiroevangelista.com.br\/wp-content\/uploads\/2025\/06\/patr-evang-250x85cm-768x261.jpg 768w, https:\/\/patrulheiroevangelista.com.br\/wp-content\/uploads\/2025\/06\/patr-evang-250x85cm-1536x522.jpg 1536w, https:\/\/patrulheiroevangelista.com.br\/wp-content\/uploads\/2025\/06\/patr-evang-250x85cm-2048x697.jpg 2048w\" sizes=\"auto, (max-width: 1024px) 100vw, 1024px\" \/><\/figure>\n","protected":false},"excerpt":{"rendered":"<p>Na\u00a0pr\u00f3xima quarta-feira (28), a partir das 8h30, o Posto Local do Trabalho (PLT)\u00a0de\u00a0Nova Odessa (SP)\u00a0realizar\u00e1\u00a0o processo seletivo da\u00a0Ajinomoto, empresa do setor aliment\u00edcio, para o preenchimento de oito vagas no cargo de Operador de Produ\u00e7\u00e3o. As entrevistas ser\u00e3o realizadas no Poupatempo, localizado na Rua Duque de Caxias, 600, no Centro. Para concorrer \u00e0s oportunidades, \u00e9 exigido [&hellip;]<\/p>\n","protected":false},"author":1,"featured_media":9286,"comment_status":"closed","ping_status":"open","sticky":false,"template":"","format":"standard","meta":{"footnotes":""},"categories":[28],"tags":[99],"class_list":["post-9282","post","type-post","status-publish","format-standard","has-post-thumbnail","hentry","category-oportunidade","tag-nova-odessa"],"yoast_head":"<!-- This site is optimized with the Yoast SEO plugin v26.8 - https:\/\/yoast.com\/product\/yoast-seo-wordpress\/ -->\n<title>Ajinomoto abre processo seletivo para operador de produ\u00e7\u00e3o na unidade de Limeira - Patrulheiro Evangelista<\/title>\n<meta name=\"robots\" content=\"index, follow, max-snippet:-1, max-image-preview:large, max-video-preview:-1\" \/>\n<link rel=\"canonical\" href=\"https:\/\/patrulheiroevangelista.com.br\/?p=9282\" \/>\n<meta property=\"og:locale\" content=\"pt_BR\" \/>\n<meta property=\"og:type\" content=\"article\" \/>\n<meta property=\"og:title\" content=\"Ajinomoto abre processo seletivo para operador de produ\u00e7\u00e3o na unidade de Limeira - Patrulheiro Evangelista\" \/>\n<meta property=\"og:description\" content=\"Na\u00a0pr\u00f3xima quarta-feira (28), a partir das 8h30, o Posto Local do Trabalho (PLT)\u00a0de\u00a0Nova Odessa (SP)\u00a0realizar\u00e1\u00a0o processo seletivo da\u00a0Ajinomoto, empresa do setor aliment\u00edcio, para o preenchimento de oito vagas no cargo de Operador de Produ\u00e7\u00e3o. As entrevistas ser\u00e3o realizadas no Poupatempo, localizado na Rua Duque de Caxias, 600, no Centro. Para concorrer \u00e0s oportunidades, \u00e9 exigido [&hellip;]\" \/>\n<meta property=\"og:url\" content=\"https:\/\/patrulheiroevangelista.com.br\/?p=9282\" \/>\n<meta property=\"og:site_name\" content=\"Patrulheiro Evangelista\" \/>\n<meta property=\"article:publisher\" content=\"https:\/\/www.facebook.com\/patrulheiroevangelista\" \/>\n<meta property=\"article:published_time\" content=\"2026-01-24T19:41:10+00:00\" \/>\n<meta property=\"article:modified_time\" content=\"2026-01-24T19:41:11+00:00\" \/>\n<meta property=\"og:image\" content=\"https:\/\/patrulheiroevangelista.com.br\/wp-content\/uploads\/2026\/01\/Fabrica-de-Limeira-Ajinomoto.webp\" \/>\n\t<meta property=\"og:image:width\" content=\"1080\" \/>\n\t<meta property=\"og:image:height\" content=\"565\" \/>\n\t<meta property=\"og:image:type\" content=\"image\/webp\" \/>\n<meta name=\"author\" content=\"Joshua Evangelista\" \/>\n<meta name=\"twitter:card\" content=\"summary_large_image\" \/>\n<meta name=\"twitter:label1\" content=\"Escrito por\" \/>\n\t<meta name=\"twitter:data1\" content=\"Joshua Evangelista\" \/>\n\t<meta name=\"twitter:label2\" content=\"Est. tempo de leitura\" \/>\n\t<meta name=\"twitter:data2\" content=\"2 minutos\" \/>\n<script type=\"application\/ld+json\" class=\"yoast-schema-graph\">{\"@context\":\"https:\/\/schema.org\",\"@graph\":[{\"@type\":\"Article\",\"@id\":\"https:\/\/patrulheiroevangelista.com.br\/?p=9282#article\",\"isPartOf\":{\"@id\":\"https:\/\/patrulheiroevangelista.com.br\/?p=9282\"},\"author\":{\"name\":\"Joshua Evangelista\",\"@id\":\"https:\/\/patrulheiroevangelista.com.br\/#\/schema\/person\/bcae3dc00fc31286371eb8edc18dfdf4\"},\"headline\":\"Ajinomoto abre processo seletivo para operador de produ\u00e7\u00e3o na unidade de Limeira\",\"datePublished\":\"2026-01-24T19:41:10+00:00\",\"dateModified\":\"2026-01-24T19:41:11+00:00\",\"mainEntityOfPage\":{\"@id\":\"https:\/\/patrulheiroevangelista.com.br\/?p=9282\"},\"wordCount\":154,\"publisher\":{\"@id\":\"https:\/\/patrulheiroevangelista.com.br\/#organization\"},\"image\":{\"@id\":\"https:\/\/patrulheiroevangelista.com.br\/?p=9282#primaryimage\"},\"thumbnailUrl\":\"https:\/\/patrulheiroevangelista.com.br\/wp-content\/uploads\/2026\/01\/Fabrica-de-Limeira-Ajinomoto.webp\",\"keywords\":[\"Nova Odessa\"],\"articleSection\":[\"Oportunidade\"],\"inLanguage\":\"pt-BR\"},{\"@type\":\"WebPage\",\"@id\":\"https:\/\/patrulheiroevangelista.com.br\/?p=9282\",\"url\":\"https:\/\/patrulheiroevangelista.com.br\/?p=9282\",\"name\":\"Ajinomoto abre processo seletivo para operador de produ\u00e7\u00e3o na unidade de Limeira - Patrulheiro Evangelista\",\"isPartOf\":{\"@id\":\"https:\/\/patrulheiroevangelista.com.br\/#website\"},\"primaryImageOfPage\":{\"@id\":\"https:\/\/patrulheiroevangelista.com.br\/?p=9282#primaryimage\"},\"image\":{\"@id\":\"https:\/\/patrulheiroevangelista.com.br\/?p=9282#primaryimage\"},\"thumbnailUrl\":\"https:\/\/patrulheiroevangelista.com.br\/wp-content\/uploads\/2026\/01\/Fabrica-de-Limeira-Ajinomoto.webp\",\"datePublished\":\"2026-01-24T19:41:10+00:00\",\"dateModified\":\"2026-01-24T19:41:11+00:00\",\"breadcrumb\":{\"@id\":\"https:\/\/patrulheiroevangelista.com.br\/?p=9282#breadcrumb\"},\"inLanguage\":\"pt-BR\",\"potentialAction\":[{\"@type\":\"ReadAction\",\"target\":[\"https:\/\/patrulheiroevangelista.com.br\/?p=9282\"]}]},{\"@type\":\"ImageObject\",\"inLanguage\":\"pt-BR\",\"@id\":\"https:\/\/patrulheiroevangelista.com.br\/?p=9282#primaryimage\",\"url\":\"https:\/\/patrulheiroevangelista.com.br\/wp-content\/uploads\/2026\/01\/Fabrica-de-Limeira-Ajinomoto.webp\",\"contentUrl\":\"https:\/\/patrulheiroevangelista.com.br\/wp-content\/uploads\/2026\/01\/Fabrica-de-Limeira-Ajinomoto.webp\",\"width\":1080,\"height\":565},{\"@type\":\"BreadcrumbList\",\"@id\":\"https:\/\/patrulheiroevangelista.com.br\/?p=9282#breadcrumb\",\"itemListElement\":[{\"@type\":\"ListItem\",\"position\":1,\"name\":\"In\u00edcio\",\"item\":\"https:\/\/patrulheiroevangelista.com.br\/\"},{\"@type\":\"ListItem\",\"position\":2,\"name\":\"Ajinomoto abre processo seletivo para operador de produ\u00e7\u00e3o na unidade de Limeira\"}]},{\"@type\":\"WebSite\",\"@id\":\"https:\/\/patrulheiroevangelista.com.br\/#website\",\"url\":\"https:\/\/patrulheiroevangelista.com.br\/\",\"name\":\"Patrulheiro Evangelista\",\"description\":\"\",\"publisher\":{\"@id\":\"https:\/\/patrulheiroevangelista.com.br\/#organization\"},\"potentialAction\":[{\"@type\":\"SearchAction\",\"target\":{\"@type\":\"EntryPoint\",\"urlTemplate\":\"https:\/\/patrulheiroevangelista.com.br\/?s={search_term_string}\"},\"query-input\":{\"@type\":\"PropertyValueSpecification\",\"valueRequired\":true,\"valueName\":\"search_term_string\"}}],\"inLanguage\":\"pt-BR\"},{\"@type\":\"Organization\",\"@id\":\"https:\/\/patrulheiroevangelista.com.br\/#organization\",\"name\":\"Patrulheiro Evangelista\",\"url\":\"https:\/\/patrulheiroevangelista.com.br\/\",\"logo\":{\"@type\":\"ImageObject\",\"inLanguage\":\"pt-BR\",\"@id\":\"https:\/\/patrulheiroevangelista.com.br\/#\/schema\/logo\/image\/\",\"url\":\"https:\/\/patrulheiroevangelista.com.br\/wp-content\/uploads\/2022\/09\/cropped-cropped-1-300x169-1-1.png\",\"contentUrl\":\"https:\/\/patrulheiroevangelista.com.br\/wp-content\/uploads\/2022\/09\/cropped-cropped-1-300x169-1-1.png\",\"width\":183,\"height\":103,\"caption\":\"Patrulheiro Evangelista\"},\"image\":{\"@id\":\"https:\/\/patrulheiroevangelista.com.br\/#\/schema\/logo\/image\/\"},\"sameAs\":[\"https:\/\/www.facebook.com\/patrulheiroevangelista\",\"https:\/\/www.instagram.com\/patrulheiro.evangelista\/\"]},{\"@type\":\"Person\",\"@id\":\"https:\/\/patrulheiroevangelista.com.br\/#\/schema\/person\/bcae3dc00fc31286371eb8edc18dfdf4\",\"name\":\"Joshua Evangelista\",\"image\":{\"@type\":\"ImageObject\",\"inLanguage\":\"pt-BR\",\"@id\":\"https:\/\/patrulheiroevangelista.com.br\/#\/schema\/person\/image\/\",\"url\":\"https:\/\/secure.gravatar.com\/avatar\/d27d2f402c0fd218173b28d470bdb67b?s=96&r=g\",\"contentUrl\":\"https:\/\/secure.gravatar.com\/avatar\/d27d2f402c0fd218173b28d470bdb67b?s=96&r=g\",\"caption\":\"Joshua Evangelista\"},\"description\":\"Comunic\u00f3logo, jornalista e cofundador do site desde outubro de 2019.\",\"sameAs\":[\"https:\/\/patrulheiro-evangelista-wordpress-904373-145-223-29-15.traefik.me\"],\"url\":\"https:\/\/patrulheiroevangelista.com.br\/?author=1\"}]}<\/script>\n<!-- \/ Yoast SEO plugin. -->","yoast_head_json":{"title":"Ajinomoto abre processo seletivo para operador de produ\u00e7\u00e3o na unidade de Limeira - Patrulheiro Evangelista","robots":{"index":"index","follow":"follow","max-snippet":"max-snippet:-1","max-image-preview":"max-image-preview:large","max-video-preview":"max-video-preview:-1"},"canonical":"https:\/\/patrulheiroevangelista.com.br\/?p=9282","og_locale":"pt_BR","og_type":"article","og_title":"Ajinomoto abre processo seletivo para operador de produ\u00e7\u00e3o na unidade de Limeira - Patrulheiro Evangelista","og_description":"Na\u00a0pr\u00f3xima quarta-feira (28), a partir das 8h30, o Posto Local do Trabalho (PLT)\u00a0de\u00a0Nova Odessa (SP)\u00a0realizar\u00e1\u00a0o processo seletivo da\u00a0Ajinomoto, empresa do setor aliment\u00edcio, para o preenchimento de oito vagas no cargo de Operador de Produ\u00e7\u00e3o. As entrevistas ser\u00e3o realizadas no Poupatempo, localizado na Rua Duque de Caxias, 600, no Centro. Para concorrer \u00e0s oportunidades, \u00e9 exigido [&hellip;]","og_url":"https:\/\/patrulheiroevangelista.com.br\/?p=9282","og_site_name":"Patrulheiro Evangelista","article_publisher":"https:\/\/www.facebook.com\/patrulheiroevangelista","article_published_time":"2026-01-24T19:41:10+00:00","article_modified_time":"2026-01-24T19:41:11+00:00","og_image":[{"width":1080,"height":565,"url":"https:\/\/patrulheiroevangelista.com.br\/wp-content\/uploads\/2026\/01\/Fabrica-de-Limeira-Ajinomoto.webp","type":"image\/webp"}],"author":"Joshua Evangelista","twitter_card":"summary_large_image","twitter_misc":{"Escrito por":"Joshua Evangelista","Est. tempo de leitura":"2 minutos"},"schema":{"@context":"https:\/\/schema.org","@graph":[{"@type":"Article","@id":"https:\/\/patrulheiroevangelista.com.br\/?p=9282#article","isPartOf":{"@id":"https:\/\/patrulheiroevangelista.com.br\/?p=9282"},"author":{"name":"Joshua Evangelista","@id":"https:\/\/patrulheiroevangelista.com.br\/#\/schema\/person\/bcae3dc00fc31286371eb8edc18dfdf4"},"headline":"Ajinomoto abre processo seletivo para operador de produ\u00e7\u00e3o na unidade de Limeira","datePublished":"2026-01-24T19:41:10+00:00","dateModified":"2026-01-24T19:41:11+00:00","mainEntityOfPage":{"@id":"https:\/\/patrulheiroevangelista.com.br\/?p=9282"},"wordCount":154,"publisher":{"@id":"https:\/\/patrulheiroevangelista.com.br\/#organization"},"image":{"@id":"https:\/\/patrulheiroevangelista.com.br\/?p=9282#primaryimage"},"thumbnailUrl":"https:\/\/patrulheiroevangelista.com.br\/wp-content\/uploads\/2026\/01\/Fabrica-de-Limeira-Ajinomoto.webp","keywords":["Nova Odessa"],"articleSection":["Oportunidade"],"inLanguage":"pt-BR"},{"@type":"WebPage","@id":"https:\/\/patrulheiroevangelista.com.br\/?p=9282","url":"https:\/\/patrulheiroevangelista.com.br\/?p=9282","name":"Ajinomoto abre processo seletivo para operador de produ\u00e7\u00e3o na unidade de Limeira - Patrulheiro Evangelista","isPartOf":{"@id":"https:\/\/patrulheiroevangelista.com.br\/#website"},"primaryImageOfPage":{"@id":"https:\/\/patrulheiroevangelista.com.br\/?p=9282#primaryimage"},"image":{"@id":"https:\/\/patrulheiroevangelista.com.br\/?p=9282#primaryimage"},"thumbnailUrl":"https:\/\/patrulheiroevangelista.com.br\/wp-content\/uploads\/2026\/01\/Fabrica-de-Limeira-Ajinomoto.webp","datePublished":"2026-01-24T19:41:10+00:00","dateModified":"2026-01-24T19:41:11+00:00","breadcrumb":{"@id":"https:\/\/patrulheiroevangelista.com.br\/?p=9282#breadcrumb"},"inLanguage":"pt-BR","potentialAction":[{"@type":"ReadAction","target":["https:\/\/patrulheiroevangelista.com.br\/?p=9282"]}]},{"@type":"ImageObject","inLanguage":"pt-BR","@id":"https:\/\/patrulheiroevangelista.com.br\/?p=9282#primaryimage","url":"https:\/\/patrulheiroevangelista.com.br\/wp-content\/uploads\/2026\/01\/Fabrica-de-Limeira-Ajinomoto.webp","contentUrl":"https:\/\/patrulheiroevangelista.com.br\/wp-content\/uploads\/2026\/01\/Fabrica-de-Limeira-Ajinomoto.webp","width":1080,"height":565},{"@type":"BreadcrumbList","@id":"https:\/\/patrulheiroevangelista.com.br\/?p=9282#breadcrumb","itemListElement":[{"@type":"ListItem","position":1,"name":"In\u00edcio","item":"https:\/\/patrulheiroevangelista.com.br\/"},{"@type":"ListItem","position":2,"name":"Ajinomoto abre processo seletivo para operador de produ\u00e7\u00e3o na unidade de Limeira"}]},{"@type":"WebSite","@id":"https:\/\/patrulheiroevangelista.com.br\/#website","url":"https:\/\/patrulheiroevangelista.com.br\/","name":"Patrulheiro Evangelista","description":"","publisher":{"@id":"https:\/\/patrulheiroevangelista.com.br\/#organization"},"potentialAction":[{"@type":"SearchAction","target":{"@type":"EntryPoint","urlTemplate":"https:\/\/patrulheiroevangelista.com.br\/?s={search_term_string}"},"query-input":{"@type":"PropertyValueSpecification","valueRequired":true,"valueName":"search_term_string"}}],"inLanguage":"pt-BR"},{"@type":"Organization","@id":"https:\/\/patrulheiroevangelista.com.br\/#organization","name":"Patrulheiro Evangelista","url":"https:\/\/patrulheiroevangelista.com.br\/","logo":{"@type":"ImageObject","inLanguage":"pt-BR","@id":"https:\/\/patrulheiroevangelista.com.br\/#\/schema\/logo\/image\/","url":"https:\/\/patrulheiroevangelista.com.br\/wp-content\/uploads\/2022\/09\/cropped-cropped-1-300x169-1-1.png","contentUrl":"https:\/\/patrulheiroevangelista.com.br\/wp-content\/uploads\/2022\/09\/cropped-cropped-1-300x169-1-1.png","width":183,"height":103,"caption":"Patrulheiro Evangelista"},"image":{"@id":"https:\/\/patrulheiroevangelista.com.br\/#\/schema\/logo\/image\/"},"sameAs":["https:\/\/www.facebook.com\/patrulheiroevangelista","https:\/\/www.instagram.com\/patrulheiro.evangelista\/"]},{"@type":"Person","@id":"https:\/\/patrulheiroevangelista.com.br\/#\/schema\/person\/bcae3dc00fc31286371eb8edc18dfdf4","name":"Joshua Evangelista","image":{"@type":"ImageObject","inLanguage":"pt-BR","@id":"https:\/\/patrulheiroevangelista.com.br\/#\/schema\/person\/image\/","url":"https:\/\/secure.gravatar.com\/avatar\/d27d2f402c0fd218173b28d470bdb67b?s=96&r=g","contentUrl":"https:\/\/secure.gravatar.com\/avatar\/d27d2f402c0fd218173b28d470bdb67b?s=96&r=g","caption":"Joshua Evangelista"},"description":"Comunic\u00f3logo, jornalista e cofundador do site desde outubro de 2019.","sameAs":["https:\/\/patrulheiro-evangelista-wordpress-904373-145-223-29-15.traefik.me"],"url":"https:\/\/patrulheiroevangelista.com.br\/?author=1"}]}},"_links":{"self":[{"href":"https:\/\/patrulheiroevangelista.com.br\/index.php?rest_route=\/wp\/v2\/posts\/9282","targetHints":{"allow":["GET"]}}],"collection":[{"href":"https:\/\/patrulheiroevangelista.com.br\/index.php?rest_route=\/wp\/v2\/posts"}],"about":[{"href":"https:\/\/patrulheiroevangelista.com.br\/index.php?rest_route=\/wp\/v2\/types\/post"}],"author":[{"embeddable":true,"href":"https:\/\/patrulheiroevangelista.com.br\/index.php?rest_route=\/wp\/v2\/users\/1"}],"replies":[{"embeddable":true,"href":"https:\/\/patrulheiroevangelista.com.br\/index.php?rest_route=%2Fwp%2Fv2%2Fcomments&post=9282"}],"version-history":[{"count":2,"href":"https:\/\/patrulheiroevangelista.com.br\/index.php?rest_route=\/wp\/v2\/posts\/9282\/revisions"}],"predecessor-version":[{"id":9285,"href":"https:\/\/patrulheiroevangelista.com.br\/index.php?rest_route=\/wp\/v2\/posts\/9282\/revisions\/9285"}],"wp:featuredmedia":[{"embeddable":true,"href":"https:\/\/patrulheiroevangelista.com.br\/index.php?rest_route=\/wp\/v2\/media\/9286"}],"wp:attachment":[{"href":"https:\/\/patrulheiroevangelista.com.br\/index.php?rest_route=%2Fwp%2Fv2%2Fmedia&parent=9282"}],"wp:term":[{"taxonomy":"category","embeddable":true,"href":"https:\/\/patrulheiroevangelista.com.br\/index.php?rest_route=%2Fwp%2Fv2%2Fcategories&post=9282"},{"taxonomy":"post_tag","embeddable":true,"href":"https:\/\/patrulheiroevangelista.com.br\/index.php?rest_route=%2Fwp%2Fv2%2Ftags&post=9282"}],"curies":[{"name":"wp","href":"https:\/\/api.w.org\/{rel}","templated":true}]}}